{"id":19755,"date":"2025-10-20T14:00:16","date_gmt":"2025-10-20T12:00:16","guid":{"rendered":"https:\/\/kariery.uek.krakow.pl\/?p=19755"},"modified":"2025-10-20T14:00:17","modified_gmt":"2025-10-20T12:00:17","slug":"xxiv-targi-pracy-uek-przyciagnely-tlumy","status":"publish","type":"post","link":"https:\/\/kariery.uek.krakow.pl\/en\/xxiv-targi-pracy-uek-przyciagnely-tlumy\/","title":{"rendered":"XXIV Targi Pracy UEK przyci\u0105gn\u0119\u0142y t\u0142umy"},"content":{"rendered":"<div class=\"fusion-fullwidth fullwidth-box fusion-builder-row-1 fusion-flex-container has-pattern-background has-mask-background nonhundred-percent-fullwidth non-hundred-percent-height-scrolling\" style=\"--link_color: var(--awb-color5);--awb-border-radius-top-left:0px;--awb-border-radius-top-right:0px;--awb-border-radius-bottom-right:0px;--awb-border-radius-bottom-left:0px;--awb-padding-top:0px;--awb-padding-right:0px;--awb-padding-bottom:0px;--awb-padding-left:0px;--awb-margin-bottom:0px;--awb-flex-wrap:wrap;\" ><div class=\"fusion-builder-row fusion-row fusion-flex-align-items-flex-start fusion-flex-content-wrap\" style=\"max-width:calc( 1400px + 0px );margin-left: calc(-0px \/ 2 );margin-right: calc(-0px \/ 2 );\"><div class=\"fusion-layout-column fusion_builder_column fusion-builder-column-0 fusion_builder_column_1_1 1_1 fusion-flex-column\" style=\"--awb-bg-size:cover;--awb-width-large:100%;--awb-margin-top-large:0px;--awb-spacing-right-large:0px;--awb-margin-bottom-large:0px;--awb-spacing-left-large:0px;--awb-width-medium:100%;--awb-order-medium:0;--awb-spacing-right-medium:0px;--awb-spacing-left-medium:0px;--awb-width-small:100%;--awb-order-small:0;--awb-spacing-right-small:0px;--awb-spacing-left-small:0px;\"><div class=\"fusion-column-wrapper fusion-column-has-shadow fusion-flex-justify-content-flex-start fusion-content-layout-column\"><div class=\"fusion-text fusion-text-1 fusion-text-no-margin\" style=\"--awb-margin-top:10px;--awb-margin-bottom:2vh;\"><p>16 pa\u017adziernika 2025 r. w Pawilonie Sportowo-Dydaktycznym Uniwersytetu Ekonomicznego <span style=\"background-color: rgba(0, 0, 0, 0);\">w Krakowie odby\u0142y si\u0119 <b>XXIV Targi Pracy UEK<\/b>. Tegoroczna jesienna edycja cieszy\u0142a si\u0119 du\u017cym zainteresowaniem student\u00f3w i absolwent\u00f3w.<\/span><\/p>\n<p>Targi rozpocz\u0119\u0142y si\u0119 o 10:00, a o 11:00 wystawc\u00f3w i <b>uczestnik\u00f3w powita\u0142 JM Rektor UEK dr hab. Bernard Zi\u0119bicki, prof. UEK<\/b>.<\/p>\n<p>W jesiennej edycji Targ\u00f3w Pracy UEK udzia\u0142 zg\u0142osi\u0142o oko\u0142o <b>50 firm i instytucji z kraju i zagranicy<\/b>. Atrakcji nie brakowa\u0142o \u2013 jak zawsze przedstawiciele firm usi\u0142owali zdoby\u0107 zainteresowanie odwiedzaj\u0105cych. A oni jak zwykle dopisali \u2013 \u0142\u0105cznie na hal\u0119 przyby\u0142o <b>oko\u0142o 4 tysi\u0119cy zainteresowanych os\u00f3b<\/b>.<\/p>\n<p>W trakcie targ\u00f3w osiem firm: <b>ABB, Alior Bank, Cisco, Hitachi Energy, HSBC, Motorola Solutions, TTEC i UBS<\/b> przygotowa\u0142o i poprowadzi\u0142o prezentacje. W tej edycji kr\u00f3lowa\u0142y tematy zwi\u0105zane z AI i rekrutacj\u0105. Najbardziej popularna okaza\u0142a si\u0119 prezentacja firmy Alior Bank, zatytu\u0142owana: \u201eOd CV do sukcesu \u2013 jak zdoby\u0107 pierwsz\u0105 prac\u0119 i nie zgin\u0105\u0107 w t\u0142umie?\u201d.<\/p>\n<p>Dodatkowo w tej edycji <b>Ambasadorki Unii Europejskiej na UEK zaprosi\u0142y przedstawicielki Ministerstwa Spraw Zagranicznych<\/b> do poprowadzenia prezentacji: \u201eSta\u017ce i praca w instytucjach Unii Europejskiej\u201d. Spotkanie cieszy\u0142o si\u0119 du\u017cym zainteresowaniem s\u0142uchaczy.<\/p>\n<p>Jak zwykle wiele os\u00f3b skorzysta\u0142o z <b>konsultacji w CV Point, czyli specjalnej strefie, w kt\u00f3rej ka\u017cdy mo\u017ce otrzyma\u0107 porad\u0119 odno\u015bnie swojego CV<\/b> i odby\u0107 pr\u00f3bn\u0105 rozmow\u0119 kwalifikacyjn\u0105 z ekspertami HR. W tym roku odwiedzaj\u0105cy mogli spotka\u0107 si\u0119 ze specjalistami z 9 firm i instytucji, kt\u00f3rzy wyja\u015bniali uczestnikom, jak zaprezentowa\u0107 swoje do\u015bwiadczenie zawodowe w dokumentach aplikacyjnych i podczas rozm\u00f3w kwalifikacyjnych. Konsultanci prowadzili spotkania w <b>j\u0119zyku angielskim, polskim i ukrai\u0144skim<\/b>.<\/p>\n<p>Podobnie jak w poprzednich edycjach, studenci odwiedzali tak\u017ce <b>Erasmus+ Space<\/b>, czyli stref\u0119 informacyjn\u0105 dotycz\u0105c\u0105 programu Erasmus+. Informacji na temat oferty praktyk zagranicznych w tym programie udzielali <b>Job Trust i Stage Malta<\/b>. Firmy oferowa\u0142y \u0142\u0105cznie sta\u017ce w oko\u0142o <b>30 krajach Unii Europejskiej<\/b>. W strefie byli obecni r\u00f3wnie\u017c przedstawiciele Akademickiego Centrum Kariery i Biura Program\u00f3w Zagranicznych UEK, kt\u00f3rzy opowiadali odwiedzaj\u0105cym o prowadzonych przez siebie projektach i zach\u0119cali do brania w nich udzia\u0142u.<\/p>\n<p>Warto wspomnie\u0107, \u017ce w organizacj\u0119 tej wyj\u0105tkowej edycji Targ\u00f3w Pracy UEK w\u0142\u0105czy\u0142o si\u0119 <b>ponad 50 student\u00f3w naszej uczelni<\/b>. Ich pomoc w akcji promocyjnej i zaanga\u017cowanie w dniu wydarzenia okaza\u0142y si\u0119 nieocenione. Dzi\u0119kujemy!<\/p>\n<p>Przypominamy, \u017ce na stronie ACK wci\u0105\u017c jeszcze dost\u0119pne s\u0105<b> linki do ofert naszych Wystawc\u00f3w (wystarczy klikn\u0105\u0107 na logotyp danej firmy)<\/b>. Zach\u0119camy do korzystania z nich.<\/p>\n<p>Ju\u017c dzi\u015b zapraszamy na kolejn\u0105 edycj\u0119 targ\u00f3w w <b>marcu 2026 roku<\/b>.<\/p>\n<p>&nbsp;<\/p>\n<\/div><div class=\"awb-gallery-wrapper awb-gallery-wrapper-1 button-span-no\" style=\"--more-btn-alignment:center;\"><div style=\"margin:-5px;--awb-bordersize:0px;\" class=\"fusion-gallery fusion-gallery-container fusion-grid-3 fusion-columns-total-27 fusion-gallery-layout-grid fusion-gallery-1\"><div style=\"padding:5px;\" class=\"fusion-grid-column fusion-gallery-column fusion-gallery-column-3 hover-type-none\"><div class=\"fusion-gallery-image\"><a href=\"https:\/\/kariery.uek.krakow.pl\/wp-content\/uploads\/2025\/10\/PM_0008-scaled.jpg\" rel=\"noreferrer\" data-rel=\"iLightbox[gallery_image_1]\" class=\"fusion-lightbox\" target=\"_self\"><img decoding=\"async\" src=\"https:\/\/kariery.uek.krakow.pl\/wp-content\/uploads\/2025\/10\/PM_0008-scaled.jpg\" width=\"2560\" height=\"1709\" alt=\"\" title=\"PM_0008\" aria-label=\"PM_0008\" class=\"img-responsive wp-image-19767\" srcset=\"https:\/\/kariery.uek.krakow.pl\/wp-content\/uploads\/2025\/10\/PM_0008-200x134.jpg 200w, https:\/\/kariery.uek.krakow.pl\/wp-content\/uploads\/2025\/10\/PM_0008-400x267.jpg 400w, https:\/\/kariery.uek.krakow.pl\/wp-content\/uploads\/2025\/10\/PM_0008-600x401.jpg 600w, https:\/\/kariery.uek.krakow.pl\/wp-content\/uploads\/2025\/10\/PM_0008-800x534.jpg 800w, https:\/\/kariery.uek.krakow.pl\/wp-content\/uploads\/2025\/10\/PM_0008-1200x801.jpg 1200w, https:\/\/kariery.uek.krakow.pl\/wp-content\/uploads\/2025\/10\/PM_0008-scaled.jpg 2560w\" sizes=\"(min-width: 2200px) 100vw, (min-width: 784px) 463px, (min-width: 712px) 695px, (min-width: 640px) 712px, \" \/><\/a><\/div><\/div><div style=\"padding:5px;\" class=\"fusion-grid-column fusion-gallery-column fusion-gallery-column-3 hover-type-none\"><div class=\"fusion-gallery-image\"><a href=\"https:\/\/kariery.uek.krakow.pl\/wp-content\/uploads\/2025\/10\/PM_0009-scaled.jpg\" rel=\"noreferrer\" data-rel=\"iLightbox[gallery_image_1]\" class=\"fusion-lightbox\" target=\"_self\"><img decoding=\"async\" src=\"https:\/\/kariery.uek.krakow.pl\/wp-content\/uploads\/2025\/10\/PM_0009-scaled.jpg\" width=\"2560\" height=\"1706\" alt=\"\" title=\"PM_0009\" aria-label=\"PM_0009\" class=\"img-responsive wp-image-19769\" srcset=\"https:\/\/kariery.uek.krakow.pl\/wp-content\/uploads\/2025\/10\/PM_0009-200x133.jpg 200w, https:\/\/kariery.uek.krakow.pl\/wp-content\/uploads\/2025\/10\/PM_0009-400x267.jpg 400w, https:\/\/kariery.uek.krakow.pl\/wp-content\/uploads\/2025\/10\/PM_0009-600x400.jpg 600w, https:\/\/kariery.uek.krakow.pl\/wp-content\/uploads\/2025\/10\/PM_0009-800x533.jpg 800w, https:\/\/kariery.uek.krakow.pl\/wp-content\/uploads\/2025\/10\/PM_0009-1200x800.jpg 1200w, https:\/\/kariery.uek.krakow.pl\/wp-content\/uploads\/2025\/10\/PM_0009-scaled.jpg 2560w\" sizes=\"(min-width: 2200px) 100vw, (min-width: 784px) 463px, (min-width: 712px) 695px, (min-width: 640px) 712px, \" \/><\/a><\/div><\/div><div style=\"padding:5px;\" class=\"fusion-grid-column fusion-gallery-column fusion-gallery-column-3 hover-type-none\"><div class=\"fusion-gallery-image\"><a href=\"https:\/\/kariery.uek.krakow.pl\/wp-content\/uploads\/2025\/10\/PM_0125-scaled.jpg\" rel=\"noreferrer\" data-rel=\"iLightbox[gallery_image_1]\" class=\"fusion-lightbox\" target=\"_self\"><img decoding=\"async\" src=\"https:\/\/kariery.uek.krakow.pl\/wp-content\/uploads\/2025\/10\/PM_0125-scaled.jpg\" width=\"2560\" height=\"1706\" alt=\"\" title=\"PM_0125\" aria-label=\"PM_0125\" class=\"img-responsive wp-image-19793\" srcset=\"https:\/\/kariery.uek.krakow.pl\/wp-content\/uploads\/2025\/10\/PM_0125-200x133.jpg 200w, https:\/\/kariery.uek.krakow.pl\/wp-content\/uploads\/2025\/10\/PM_0125-400x267.jpg 400w, https:\/\/kariery.uek.krakow.pl\/wp-content\/uploads\/2025\/10\/PM_0125-600x400.jpg 600w, https:\/\/kariery.uek.krakow.pl\/wp-content\/uploads\/2025\/10\/PM_0125-800x533.jpg 800w, https:\/\/kariery.uek.krakow.pl\/wp-content\/uploads\/2025\/10\/PM_0125-1200x800.jpg 1200w, https:\/\/kariery.uek.krakow.pl\/wp-content\/uploads\/2025\/10\/PM_0125-scaled.jpg 2560w\" sizes=\"(min-width: 2200px) 100vw, (min-width: 784px) 463px, (min-width: 712px) 695px, (min-width: 640px) 712px, \" \/><\/a><\/div><\/div><div class=\"clearfix\"><\/div><div style=\"padding:5px;\" class=\"fusion-grid-column fusion-gallery-column fusion-gallery-column-3 hover-type-none\"><div class=\"fusion-gallery-image\"><a href=\"https:\/\/kariery.uek.krakow.pl\/wp-content\/uploads\/2025\/10\/PM_0196-scaled.jpg\" rel=\"noreferrer\" data-rel=\"iLightbox[gallery_image_1]\" class=\"fusion-lightbox\" target=\"_self\"><img decoding=\"async\" src=\"https:\/\/kariery.uek.krakow.pl\/wp-content\/uploads\/2025\/10\/PM_0196-scaled.jpg\" width=\"2560\" height=\"1706\" alt=\"\" title=\"PM_0196\" aria-label=\"PM_0196\" class=\"img-responsive wp-image-19803\" srcset=\"https:\/\/kariery.uek.krakow.pl\/wp-content\/uploads\/2025\/10\/PM_0196-200x133.jpg 200w, https:\/\/kariery.uek.krakow.pl\/wp-content\/uploads\/2025\/10\/PM_0196-400x267.jpg 400w, https:\/\/kariery.uek.krakow.pl\/wp-content\/uploads\/2025\/10\/PM_0196-600x400.jpg 600w, https:\/\/kariery.uek.krakow.pl\/wp-content\/uploads\/2025\/10\/PM_0196-800x533.jpg 800w, https:\/\/kariery.uek.krakow.pl\/wp-content\/uploads\/2025\/10\/PM_0196-1200x800.jpg 1200w, https:\/\/kariery.uek.krakow.pl\/wp-content\/uploads\/2025\/10\/PM_0196-scaled.jpg 2560w\" sizes=\"(min-width: 2200px) 100vw, (min-width: 784px) 463px, (min-width: 712px) 695px, (min-width: 640px) 712px, \" \/><\/a><\/div><\/div><div style=\"padding:5px;\" class=\"fusion-grid-column fusion-gallery-column fusion-gallery-column-3 hover-type-none\"><div class=\"fusion-gallery-image\"><a href=\"https:\/\/kariery.uek.krakow.pl\/wp-content\/uploads\/2025\/10\/PM_0027-scaled.jpg\" rel=\"noreferrer\" data-rel=\"iLightbox[gallery_image_1]\" class=\"fusion-lightbox\" target=\"_self\"><img decoding=\"async\" src=\"https:\/\/kariery.uek.krakow.pl\/wp-content\/uploads\/2025\/10\/PM_0027-scaled.jpg\" width=\"2560\" height=\"1706\" alt=\"\" title=\"PM_0027\" aria-label=\"PM_0027\" class=\"img-responsive wp-image-19779\" srcset=\"https:\/\/kariery.uek.krakow.pl\/wp-content\/uploads\/2025\/10\/PM_0027-200x133.jpg 200w, https:\/\/kariery.uek.krakow.pl\/wp-content\/uploads\/2025\/10\/PM_0027-400x267.jpg 400w, https:\/\/kariery.uek.krakow.pl\/wp-content\/uploads\/2025\/10\/PM_0027-600x400.jpg 600w, https:\/\/kariery.uek.krakow.pl\/wp-content\/uploads\/2025\/10\/PM_0027-800x533.jpg 800w, https:\/\/kariery.uek.krakow.pl\/wp-content\/uploads\/2025\/10\/PM_0027-1200x800.jpg 1200w, https:\/\/kariery.uek.krakow.pl\/wp-content\/uploads\/2025\/10\/PM_0027-scaled.jpg 2560w\" sizes=\"(min-width: 2200px) 100vw, (min-width: 784px) 463px, (min-width: 712px) 695px, (min-width: 640px) 712px, \" \/><\/a><\/div><\/div><div style=\"padding:5px;\" class=\"fusion-grid-column fusion-gallery-column fusion-gallery-column-3 hover-type-none\"><div class=\"fusion-gallery-image\"><a href=\"https:\/\/kariery.uek.krakow.pl\/wp-content\/uploads\/2025\/10\/PM_0063-scaled.jpg\" rel=\"noreferrer\" data-rel=\"iLightbox[gallery_image_1]\" class=\"fusion-lightbox\" target=\"_self\"><img decoding=\"async\" src=\"https:\/\/kariery.uek.krakow.pl\/wp-content\/uploads\/2025\/10\/PM_0063-scaled.jpg\" width=\"2560\" height=\"1706\" alt=\"\" title=\"PM_0063\" aria-label=\"PM_0063\" class=\"img-responsive wp-image-19789\" srcset=\"https:\/\/kariery.uek.krakow.pl\/wp-content\/uploads\/2025\/10\/PM_0063-200x133.jpg 200w, https:\/\/kariery.uek.krakow.pl\/wp-content\/uploads\/2025\/10\/PM_0063-400x267.jpg 400w, https:\/\/kariery.uek.krakow.pl\/wp-content\/uploads\/2025\/10\/PM_0063-600x400.jpg 600w, https:\/\/kariery.uek.krakow.pl\/wp-content\/uploads\/2025\/10\/PM_0063-800x533.jpg 800w, https:\/\/kariery.uek.krakow.pl\/wp-content\/uploads\/2025\/10\/PM_0063-1200x800.jpg 1200w, https:\/\/kariery.uek.krakow.pl\/wp-content\/uploads\/2025\/10\/PM_0063-scaled.jpg 2560w\" sizes=\"(min-width: 2200px) 100vw, (min-width: 784px) 463px, (min-width: 712px) 695px, (min-width: 640px) 712px, \" \/><\/a><\/div><\/div><div class=\"clearfix\"><\/div><div style=\"padding:5px;\" class=\"fusion-grid-column fusion-gallery-column fusion-gallery-column-3 hover-type-none\"><div class=\"fusion-gallery-image\"><a href=\"https:\/\/kariery.uek.krakow.pl\/wp-content\/uploads\/2025\/10\/PM_0031-scaled.jpg\" rel=\"noreferrer\" data-rel=\"iLightbox[gallery_image_1]\" class=\"fusion-lightbox\" target=\"_self\"><img decoding=\"async\" src=\"https:\/\/kariery.uek.krakow.pl\/wp-content\/uploads\/2025\/10\/PM_0031-scaled.jpg\" width=\"2560\" height=\"1706\" alt=\"\" title=\"PM_0031\" aria-label=\"PM_0031\" class=\"img-responsive wp-image-19781\" srcset=\"https:\/\/kariery.uek.krakow.pl\/wp-content\/uploads\/2025\/10\/PM_0031-200x133.jpg 200w, https:\/\/kariery.uek.krakow.pl\/wp-content\/uploads\/2025\/10\/PM_0031-400x267.jpg 400w, https:\/\/kariery.uek.krakow.pl\/wp-content\/uploads\/2025\/10\/PM_0031-600x400.jpg 600w, https:\/\/kariery.uek.krakow.pl\/wp-content\/uploads\/2025\/10\/PM_0031-800x533.jpg 800w, https:\/\/kariery.uek.krakow.pl\/wp-content\/uploads\/2025\/10\/PM_0031-1200x800.jpg 1200w, https:\/\/kariery.uek.krakow.pl\/wp-content\/uploads\/2025\/10\/PM_0031-scaled.jpg 2560w\" sizes=\"(min-width: 2200px) 100vw, (min-width: 784px) 463px, (min-width: 712px) 695px, (min-width: 640px) 712px, \" \/><\/a><\/div><\/div><div style=\"padding:5px;\" class=\"fusion-grid-column fusion-gallery-column fusion-gallery-column-3 hover-type-none\"><div class=\"fusion-gallery-image\"><a href=\"https:\/\/kariery.uek.krakow.pl\/wp-content\/uploads\/2025\/10\/PM_0015-scaled.jpg\" rel=\"noreferrer\" data-rel=\"iLightbox[gallery_image_1]\" class=\"fusion-lightbox\" target=\"_self\"><img decoding=\"async\" src=\"https:\/\/kariery.uek.krakow.pl\/wp-content\/uploads\/2025\/10\/PM_0015-scaled.jpg\" width=\"2560\" height=\"1706\" alt=\"\" title=\"PM_0015\" aria-label=\"PM_0015\" class=\"img-responsive wp-image-19775\" srcset=\"https:\/\/kariery.uek.krakow.pl\/wp-content\/uploads\/2025\/10\/PM_0015-200x133.jpg 200w, https:\/\/kariery.uek.krakow.pl\/wp-content\/uploads\/2025\/10\/PM_0015-400x267.jpg 400w, https:\/\/kariery.uek.krakow.pl\/wp-content\/uploads\/2025\/10\/PM_0015-600x400.jpg 600w, https:\/\/kariery.uek.krakow.pl\/wp-content\/uploads\/2025\/10\/PM_0015-800x533.jpg 800w, https:\/\/kariery.uek.krakow.pl\/wp-content\/uploads\/2025\/10\/PM_0015-1200x800.jpg 1200w, https:\/\/kariery.uek.krakow.pl\/wp-content\/uploads\/2025\/10\/PM_0015-scaled.jpg 2560w\" sizes=\"(min-width: 2200px) 100vw, (min-width: 784px) 463px, (min-width: 712px) 695px, (min-width: 640px) 712px, \" \/><\/a><\/div><\/div><div style=\"padding:5px;\" class=\"fusion-grid-column fusion-gallery-column fusion-gallery-column-3 hover-type-none\"><div class=\"fusion-gallery-image\"><a href=\"https:\/\/kariery.uek.krakow.pl\/wp-content\/uploads\/2025\/10\/PM_0163-scaled.jpg\" rel=\"noreferrer\" data-rel=\"iLightbox[gallery_image_1]\" class=\"fusion-lightbox\" target=\"_self\"><img decoding=\"async\" src=\"https:\/\/kariery.uek.krakow.pl\/wp-content\/uploads\/2025\/10\/PM_0163-scaled.jpg\" width=\"2560\" height=\"1706\" alt=\"\" title=\"PM_0163\" aria-label=\"PM_0163\" class=\"img-responsive wp-image-19801\" srcset=\"https:\/\/kariery.uek.krakow.pl\/wp-content\/uploads\/2025\/10\/PM_0163-200x133.jpg 200w, https:\/\/kariery.uek.krakow.pl\/wp-content\/uploads\/2025\/10\/PM_0163-400x267.jpg 400w, https:\/\/kariery.uek.krakow.pl\/wp-content\/uploads\/2025\/10\/PM_0163-600x400.jpg 600w, https:\/\/kariery.uek.krakow.pl\/wp-content\/uploads\/2025\/10\/PM_0163-800x533.jpg 800w, https:\/\/kariery.uek.krakow.pl\/wp-content\/uploads\/2025\/10\/PM_0163-1200x800.jpg 1200w, https:\/\/kariery.uek.krakow.pl\/wp-content\/uploads\/2025\/10\/PM_0163-scaled.jpg 2560w\" sizes=\"(min-width: 2200px) 100vw, (min-width: 784px) 463px, (min-width: 712px) 695px, (min-width: 640px) 712px, \" \/><\/a><\/div><\/div><div class=\"clearfix\"><\/div><div style=\"padding:5px;\" class=\"fusion-grid-column fusion-gallery-column fusion-gallery-column-3 hover-type-none\"><div class=\"fusion-gallery-image\"><a href=\"https:\/\/kariery.uek.krakow.pl\/wp-content\/uploads\/2025\/10\/PM_0071-scaled.jpg\" rel=\"noreferrer\" data-rel=\"iLightbox[gallery_image_1]\" class=\"fusion-lightbox\" target=\"_self\"><img decoding=\"async\" src=\"https:\/\/kariery.uek.krakow.pl\/wp-content\/uploads\/2025\/10\/PM_0071-scaled.jpg\" width=\"2560\" height=\"1706\" alt=\"\" title=\"PM_0071\" aria-label=\"PM_0071\" class=\"img-responsive wp-image-19791\" srcset=\"https:\/\/kariery.uek.krakow.pl\/wp-content\/uploads\/2025\/10\/PM_0071-200x133.jpg 200w, https:\/\/kariery.uek.krakow.pl\/wp-content\/uploads\/2025\/10\/PM_0071-400x267.jpg 400w, https:\/\/kariery.uek.krakow.pl\/wp-content\/uploads\/2025\/10\/PM_0071-600x400.jpg 600w, https:\/\/kariery.uek.krakow.pl\/wp-content\/uploads\/2025\/10\/PM_0071-800x533.jpg 800w, https:\/\/kariery.uek.krakow.pl\/wp-content\/uploads\/2025\/10\/PM_0071-1200x800.jpg 1200w, https:\/\/kariery.uek.krakow.pl\/wp-content\/uploads\/2025\/10\/PM_0071-scaled.jpg 2560w\" sizes=\"(min-width: 2200px) 100vw, (min-width: 784px) 463px, (min-width: 712px) 695px, (min-width: 640px) 712px, \" \/><\/a><\/div><\/div><div style=\"padding:5px;\" class=\"fusion-grid-column fusion-gallery-column fusion-gallery-column-3 hover-type-none\"><div class=\"fusion-gallery-image\"><a href=\"https:\/\/kariery.uek.krakow.pl\/wp-content\/uploads\/2025\/10\/PM_0265-scaled.jpg\" rel=\"noreferrer\" data-rel=\"iLightbox[gallery_image_1]\" class=\"fusion-lightbox\" target=\"_self\"><img decoding=\"async\" src=\"https:\/\/kariery.uek.krakow.pl\/wp-content\/uploads\/2025\/10\/PM_0265-scaled.jpg\" width=\"2560\" height=\"1706\" alt=\"\" title=\"PM_0265\" aria-label=\"PM_0265\" class=\"img-responsive wp-image-19811\" srcset=\"https:\/\/kariery.uek.krakow.pl\/wp-content\/uploads\/2025\/10\/PM_0265-200x133.jpg 200w, https:\/\/kariery.uek.krakow.pl\/wp-content\/uploads\/2025\/10\/PM_0265-400x267.jpg 400w, https:\/\/kariery.uek.krakow.pl\/wp-content\/uploads\/2025\/10\/PM_0265-600x400.jpg 600w, https:\/\/kariery.uek.krakow.pl\/wp-content\/uploads\/2025\/10\/PM_0265-800x533.jpg 800w, https:\/\/kariery.uek.krakow.pl\/wp-content\/uploads\/2025\/10\/PM_0265-1200x800.jpg 1200w, https:\/\/kariery.uek.krakow.pl\/wp-content\/uploads\/2025\/10\/PM_0265-scaled.jpg 2560w\" sizes=\"(min-width: 2200px) 100vw, (min-width: 784px) 463px, (min-width: 712px) 695px, (min-width: 640px) 712px, \" \/><\/a><\/div><\/div><div style=\"padding:5px;\" class=\"fusion-grid-column fusion-gallery-column fusion-gallery-column-3 hover-type-none\"><div class=\"fusion-gallery-image\"><a href=\"https:\/\/kariery.uek.krakow.pl\/wp-content\/uploads\/2025\/10\/PM_0228-scaled.jpg\" rel=\"noreferrer\" data-rel=\"iLightbox[gallery_image_1]\" class=\"fusion-lightbox\" target=\"_self\"><img decoding=\"async\" src=\"https:\/\/kariery.uek.krakow.pl\/wp-content\/uploads\/2025\/10\/PM_0228-scaled.jpg\" width=\"2560\" height=\"1706\" alt=\"\" title=\"PM_0228\" aria-label=\"PM_0228\" class=\"img-responsive wp-image-19809\" srcset=\"https:\/\/kariery.uek.krakow.pl\/wp-content\/uploads\/2025\/10\/PM_0228-200x133.jpg 200w, https:\/\/kariery.uek.krakow.pl\/wp-content\/uploads\/2025\/10\/PM_0228-400x267.jpg 400w, https:\/\/kariery.uek.krakow.pl\/wp-content\/uploads\/2025\/10\/PM_0228-600x400.jpg 600w, https:\/\/kariery.uek.krakow.pl\/wp-content\/uploads\/2025\/10\/PM_0228-800x533.jpg 800w, https:\/\/kariery.uek.krakow.pl\/wp-content\/uploads\/2025\/10\/PM_0228-1200x800.jpg 1200w, https:\/\/kariery.uek.krakow.pl\/wp-content\/uploads\/2025\/10\/PM_0228-scaled.jpg 2560w\" sizes=\"(min-width: 2200px) 100vw, (min-width: 784px) 463px, (min-width: 712px) 695px, (min-width: 640px) 712px, \" \/><\/a><\/div><\/div><div class=\"clearfix\"><\/div><div style=\"padding:5px;\" class=\"fusion-grid-column fusion-gallery-column fusion-gallery-column-3 hover-type-none\"><div class=\"fusion-gallery-image\"><a href=\"https:\/\/kariery.uek.krakow.pl\/wp-content\/uploads\/2025\/10\/PM_0211-scaled.jpg\" rel=\"noreferrer\" data-rel=\"iLightbox[gallery_image_1]\" class=\"fusion-lightbox\" target=\"_self\"><img decoding=\"async\" src=\"https:\/\/kariery.uek.krakow.pl\/wp-content\/uploads\/2025\/10\/PM_0211-scaled.jpg\" width=\"2560\" height=\"1706\" alt=\"\" title=\"PM_0211\" aria-label=\"PM_0211\" class=\"img-responsive wp-image-19805\" srcset=\"https:\/\/kariery.uek.krakow.pl\/wp-content\/uploads\/2025\/10\/PM_0211-200x133.jpg 200w, https:\/\/kariery.uek.krakow.pl\/wp-content\/uploads\/2025\/10\/PM_0211-400x267.jpg 400w, https:\/\/kariery.uek.krakow.pl\/wp-content\/uploads\/2025\/10\/PM_0211-600x400.jpg 600w, https:\/\/kariery.uek.krakow.pl\/wp-content\/uploads\/2025\/10\/PM_0211-800x533.jpg 800w, https:\/\/kariery.uek.krakow.pl\/wp-content\/uploads\/2025\/10\/PM_0211-1200x800.jpg 1200w, https:\/\/kariery.uek.krakow.pl\/wp-content\/uploads\/2025\/10\/PM_0211-scaled.jpg 2560w\" sizes=\"(min-width: 2200px) 100vw, (min-width: 784px) 463px, (min-width: 712px) 695px, (min-width: 640px) 712px, \" \/><\/a><\/div><\/div><div style=\"padding:5px;\" class=\"fusion-grid-column fusion-gallery-column fusion-gallery-column-3 hover-type-none\"><div class=\"fusion-gallery-image\"><a href=\"https:\/\/kariery.uek.krakow.pl\/wp-content\/uploads\/2025\/10\/PM_0216-scaled.jpg\" rel=\"noreferrer\" data-rel=\"iLightbox[gallery_image_1]\" class=\"fusion-lightbox\" target=\"_self\"><img decoding=\"async\" src=\"https:\/\/kariery.uek.krakow.pl\/wp-content\/uploads\/2025\/10\/PM_0216-scaled.jpg\" width=\"2560\" height=\"1706\" alt=\"\" title=\"PM_0216\" aria-label=\"PM_0216\" class=\"img-responsive wp-image-19807\" srcset=\"https:\/\/kariery.uek.krakow.pl\/wp-content\/uploads\/2025\/10\/PM_0216-200x133.jpg 200w, https:\/\/kariery.uek.krakow.pl\/wp-content\/uploads\/2025\/10\/PM_0216-400x267.jpg 400w, https:\/\/kariery.uek.krakow.pl\/wp-content\/uploads\/2025\/10\/PM_0216-600x400.jpg 600w, https:\/\/kariery.uek.krakow.pl\/wp-content\/uploads\/2025\/10\/PM_0216-800x533.jpg 800w, https:\/\/kariery.uek.krakow.pl\/wp-content\/uploads\/2025\/10\/PM_0216-1200x800.jpg 1200w, https:\/\/kariery.uek.krakow.pl\/wp-content\/uploads\/2025\/10\/PM_0216-scaled.jpg 2560w\" sizes=\"(min-width: 2200px) 100vw, (min-width: 784px) 463px, (min-width: 712px) 695px, (min-width: 640px) 712px, \" \/><\/a><\/div><\/div><div style=\"padding:5px;\" class=\"fusion-grid-column fusion-gallery-column fusion-gallery-column-3 hover-type-none\"><div class=\"fusion-gallery-image\"><a href=\"https:\/\/kariery.uek.krakow.pl\/wp-content\/uploads\/2025\/10\/PM_0501-scaled.jpg\" rel=\"noreferrer\" data-rel=\"iLightbox[gallery_image_1]\" class=\"fusion-lightbox\" target=\"_self\"><img decoding=\"async\" src=\"https:\/\/kariery.uek.krakow.pl\/wp-content\/uploads\/2025\/10\/PM_0501-scaled.jpg\" width=\"2560\" height=\"1706\" alt=\"\" title=\"PM_0501\" aria-label=\"PM_0501\" class=\"img-responsive wp-image-19831\" srcset=\"https:\/\/kariery.uek.krakow.pl\/wp-content\/uploads\/2025\/10\/PM_0501-200x133.jpg 200w, https:\/\/kariery.uek.krakow.pl\/wp-content\/uploads\/2025\/10\/PM_0501-400x267.jpg 400w, https:\/\/kariery.uek.krakow.pl\/wp-content\/uploads\/2025\/10\/PM_0501-600x400.jpg 600w, https:\/\/kariery.uek.krakow.pl\/wp-content\/uploads\/2025\/10\/PM_0501-800x533.jpg 800w, https:\/\/kariery.uek.krakow.pl\/wp-content\/uploads\/2025\/10\/PM_0501-1200x800.jpg 1200w, https:\/\/kariery.uek.krakow.pl\/wp-content\/uploads\/2025\/10\/PM_0501-scaled.jpg 2560w\" sizes=\"(min-width: 2200px) 100vw, (min-width: 784px) 463px, (min-width: 712px) 695px, (min-width: 640px) 712px, \" \/><\/a><\/div><\/div><div class=\"clearfix\"><\/div><div style=\"padding:5px;\" class=\"fusion-grid-column fusion-gallery-column fusion-gallery-column-3 hover-type-none\"><div class=\"fusion-gallery-image\"><a href=\"https:\/\/kariery.uek.krakow.pl\/wp-content\/uploads\/2025\/10\/PM_0423-1-scaled.jpg\" rel=\"noreferrer\" data-rel=\"iLightbox[gallery_image_1]\" class=\"fusion-lightbox\" target=\"_self\"><img decoding=\"async\" src=\"https:\/\/kariery.uek.krakow.pl\/wp-content\/uploads\/2025\/10\/PM_0423-1-scaled.jpg\" width=\"2560\" height=\"1709\" alt=\"\" title=\"PM_0423\" aria-label=\"PM_0423\" class=\"img-responsive wp-image-19825\" srcset=\"https:\/\/kariery.uek.krakow.pl\/wp-content\/uploads\/2025\/10\/PM_0423-1-200x134.jpg 200w, https:\/\/kariery.uek.krakow.pl\/wp-content\/uploads\/2025\/10\/PM_0423-1-400x267.jpg 400w, https:\/\/kariery.uek.krakow.pl\/wp-content\/uploads\/2025\/10\/PM_0423-1-600x401.jpg 600w, https:\/\/kariery.uek.krakow.pl\/wp-content\/uploads\/2025\/10\/PM_0423-1-800x534.jpg 800w, https:\/\/kariery.uek.krakow.pl\/wp-content\/uploads\/2025\/10\/PM_0423-1-1200x801.jpg 1200w, https:\/\/kariery.uek.krakow.pl\/wp-content\/uploads\/2025\/10\/PM_0423-1-scaled.jpg 2560w\" sizes=\"(min-width: 2200px) 100vw, (min-width: 784px) 463px, (min-width: 712px) 695px, (min-width: 640px) 712px, \" \/><\/a><\/div><\/div><div style=\"padding:5px;\" class=\"fusion-grid-column fusion-gallery-column fusion-gallery-column-3 hover-type-none\"><div class=\"fusion-gallery-image\"><a href=\"https:\/\/kariery.uek.krakow.pl\/wp-content\/uploads\/2025\/10\/PM_0032-scaled.jpg\" rel=\"noreferrer\" data-rel=\"iLightbox[gallery_image_1]\" class=\"fusion-lightbox\" target=\"_self\"><img decoding=\"async\" src=\"https:\/\/kariery.uek.krakow.pl\/wp-content\/uploads\/2025\/10\/PM_0032-scaled.jpg\" width=\"2560\" height=\"1706\" alt=\"\" title=\"PM_0032\" aria-label=\"PM_0032\" class=\"img-responsive wp-image-19783\" srcset=\"https:\/\/kariery.uek.krakow.pl\/wp-content\/uploads\/2025\/10\/PM_0032-200x133.jpg 200w, https:\/\/kariery.uek.krakow.pl\/wp-content\/uploads\/2025\/10\/PM_0032-400x267.jpg 400w, https:\/\/kariery.uek.krakow.pl\/wp-content\/uploads\/2025\/10\/PM_0032-600x400.jpg 600w, https:\/\/kariery.uek.krakow.pl\/wp-content\/uploads\/2025\/10\/PM_0032-800x533.jpg 800w, https:\/\/kariery.uek.krakow.pl\/wp-content\/uploads\/2025\/10\/PM_0032-1200x800.jpg 1200w, https:\/\/kariery.uek.krakow.pl\/wp-content\/uploads\/2025\/10\/PM_0032-scaled.jpg 2560w\" sizes=\"(min-width: 2200px) 100vw, (min-width: 784px) 463px, (min-width: 712px) 695px, (min-width: 640px) 712px, \" \/><\/a><\/div><\/div><div style=\"padding:5px;\" class=\"fusion-grid-column fusion-gallery-column fusion-gallery-column-3 hover-type-none\"><div class=\"fusion-gallery-image\"><a href=\"https:\/\/kariery.uek.krakow.pl\/wp-content\/uploads\/2025\/10\/PM_0413-scaled.jpg\" rel=\"noreferrer\" data-rel=\"iLightbox[gallery_image_1]\" class=\"fusion-lightbox\" target=\"_self\"><img decoding=\"async\" src=\"https:\/\/kariery.uek.krakow.pl\/wp-content\/uploads\/2025\/10\/PM_0413-scaled.jpg\" width=\"2560\" height=\"1706\" alt=\"\" title=\"PM_0413\" aria-label=\"PM_0413\" class=\"img-responsive wp-image-19823\" srcset=\"https:\/\/kariery.uek.krakow.pl\/wp-content\/uploads\/2025\/10\/PM_0413-200x133.jpg 200w, https:\/\/kariery.uek.krakow.pl\/wp-content\/uploads\/2025\/10\/PM_0413-400x267.jpg 400w, https:\/\/kariery.uek.krakow.pl\/wp-content\/uploads\/2025\/10\/PM_0413-600x400.jpg 600w, https:\/\/kariery.uek.krakow.pl\/wp-content\/uploads\/2025\/10\/PM_0413-800x533.jpg 800w, https:\/\/kariery.uek.krakow.pl\/wp-content\/uploads\/2025\/10\/PM_0413-1200x800.jpg 1200w, https:\/\/kariery.uek.krakow.pl\/wp-content\/uploads\/2025\/10\/PM_0413-scaled.jpg 2560w\" sizes=\"(min-width: 2200px) 100vw, (min-width: 784px) 463px, (min-width: 712px) 695px, (min-width: 640px) 712px, \" \/><\/a><\/div><\/div><div class=\"clearfix\"><\/div><div style=\"padding:5px;\" class=\"fusion-grid-column fusion-gallery-column fusion-gallery-column-3 hover-type-none\"><div class=\"fusion-gallery-image\"><a href=\"https:\/\/kariery.uek.krakow.pl\/wp-content\/uploads\/2025\/10\/PM_0056-scaled.jpg\" rel=\"noreferrer\" data-rel=\"iLightbox[gallery_image_1]\" class=\"fusion-lightbox\" target=\"_self\"><img decoding=\"async\" src=\"https:\/\/kariery.uek.krakow.pl\/wp-content\/uploads\/2025\/10\/PM_0056-scaled.jpg\" width=\"2560\" height=\"1706\" alt=\"\" title=\"PM_0056\" aria-label=\"PM_0056\" class=\"img-responsive wp-image-19785\" srcset=\"https:\/\/kariery.uek.krakow.pl\/wp-content\/uploads\/2025\/10\/PM_0056-200x133.jpg 200w, https:\/\/kariery.uek.krakow.pl\/wp-content\/uploads\/2025\/10\/PM_0056-400x267.jpg 400w, https:\/\/kariery.uek.krakow.pl\/wp-content\/uploads\/2025\/10\/PM_0056-600x400.jpg 600w, https:\/\/kariery.uek.krakow.pl\/wp-content\/uploads\/2025\/10\/PM_0056-800x533.jpg 800w, https:\/\/kariery.uek.krakow.pl\/wp-content\/uploads\/2025\/10\/PM_0056-1200x800.jpg 1200w, https:\/\/kariery.uek.krakow.pl\/wp-content\/uploads\/2025\/10\/PM_0056-scaled.jpg 2560w\" sizes=\"(min-width: 2200px) 100vw, (min-width: 784px) 463px, (min-width: 712px) 695px, (min-width: 640px) 712px, \" \/><\/a><\/div><\/div><div style=\"padding:5px;\" class=\"fusion-grid-column fusion-gallery-column fusion-gallery-column-3 hover-type-none\"><div class=\"fusion-gallery-image\"><a href=\"https:\/\/kariery.uek.krakow.pl\/wp-content\/uploads\/2025\/10\/PM_0311-scaled.jpg\" rel=\"noreferrer\" data-rel=\"iLightbox[gallery_image_1]\" class=\"fusion-lightbox\" target=\"_self\"><img decoding=\"async\" src=\"https:\/\/kariery.uek.krakow.pl\/wp-content\/uploads\/2025\/10\/PM_0311-scaled.jpg\" width=\"2560\" height=\"1709\" alt=\"\" title=\"PM_0311\" aria-label=\"PM_0311\" class=\"img-responsive wp-image-19817\" srcset=\"https:\/\/kariery.uek.krakow.pl\/wp-content\/uploads\/2025\/10\/PM_0311-200x134.jpg 200w, https:\/\/kariery.uek.krakow.pl\/wp-content\/uploads\/2025\/10\/PM_0311-400x267.jpg 400w, https:\/\/kariery.uek.krakow.pl\/wp-content\/uploads\/2025\/10\/PM_0311-600x401.jpg 600w, https:\/\/kariery.uek.krakow.pl\/wp-content\/uploads\/2025\/10\/PM_0311-800x534.jpg 800w, https:\/\/kariery.uek.krakow.pl\/wp-content\/uploads\/2025\/10\/PM_0311-1200x801.jpg 1200w, https:\/\/kariery.uek.krakow.pl\/wp-content\/uploads\/2025\/10\/PM_0311-scaled.jpg 2560w\" sizes=\"(min-width: 2200px) 100vw, (min-width: 784px) 463px, (min-width: 712px) 695px, (min-width: 640px) 712px, \" \/><\/a><\/div><\/div><div style=\"padding:5px;\" class=\"fusion-grid-column fusion-gallery-column fusion-gallery-column-3 hover-type-none\"><div class=\"fusion-gallery-image\"><a href=\"https:\/\/kariery.uek.krakow.pl\/wp-content\/uploads\/2025\/10\/PM_0484-scaled.jpg\" rel=\"noreferrer\" data-rel=\"iLightbox[gallery_image_1]\" class=\"fusion-lightbox\" target=\"_self\"><img decoding=\"async\" src=\"https:\/\/kariery.uek.krakow.pl\/wp-content\/uploads\/2025\/10\/PM_0484-scaled.jpg\" width=\"2560\" height=\"1706\" alt=\"\" title=\"PM_0484\" aria-label=\"PM_0484\" class=\"img-responsive wp-image-19829\" srcset=\"https:\/\/kariery.uek.krakow.pl\/wp-content\/uploads\/2025\/10\/PM_0484-200x133.jpg 200w, https:\/\/kariery.uek.krakow.pl\/wp-content\/uploads\/2025\/10\/PM_0484-400x267.jpg 400w, https:\/\/kariery.uek.krakow.pl\/wp-content\/uploads\/2025\/10\/PM_0484-600x400.jpg 600w, https:\/\/kariery.uek.krakow.pl\/wp-content\/uploads\/2025\/10\/PM_0484-800x533.jpg 800w, https:\/\/kariery.uek.krakow.pl\/wp-content\/uploads\/2025\/10\/PM_0484-1200x800.jpg 1200w, https:\/\/kariery.uek.krakow.pl\/wp-content\/uploads\/2025\/10\/PM_0484-scaled.jpg 2560w\" sizes=\"(min-width: 2200px) 100vw, (min-width: 784px) 463px, (min-width: 712px) 695px, (min-width: 640px) 712px, \" \/><\/a><\/div><\/div><div class=\"clearfix\"><\/div><div style=\"padding:5px;\" class=\"fusion-grid-column fusion-gallery-column fusion-gallery-column-3 hover-type-none\"><div class=\"fusion-gallery-image\"><a href=\"https:\/\/kariery.uek.krakow.pl\/wp-content\/uploads\/2025\/10\/PM_0373-scaled.jpg\" rel=\"noreferrer\" data-rel=\"iLightbox[gallery_image_1]\" class=\"fusion-lightbox\" target=\"_self\"><img decoding=\"async\" src=\"https:\/\/kariery.uek.krakow.pl\/wp-content\/uploads\/2025\/10\/PM_0373-scaled.jpg\" width=\"2560\" height=\"1706\" alt=\"\" title=\"PM_0373\" aria-label=\"PM_0373\" class=\"img-responsive wp-image-19821\" srcset=\"https:\/\/kariery.uek.krakow.pl\/wp-content\/uploads\/2025\/10\/PM_0373-200x133.jpg 200w, https:\/\/kariery.uek.krakow.pl\/wp-content\/uploads\/2025\/10\/PM_0373-400x267.jpg 400w, https:\/\/kariery.uek.krakow.pl\/wp-content\/uploads\/2025\/10\/PM_0373-600x400.jpg 600w, https:\/\/kariery.uek.krakow.pl\/wp-content\/uploads\/2025\/10\/PM_0373-800x533.jpg 800w, https:\/\/kariery.uek.krakow.pl\/wp-content\/uploads\/2025\/10\/PM_0373-1200x800.jpg 1200w, https:\/\/kariery.uek.krakow.pl\/wp-content\/uploads\/2025\/10\/PM_0373-scaled.jpg 2560w\" sizes=\"(min-width: 2200px) 100vw, (min-width: 784px) 463px, (min-width: 712px) 695px, (min-width: 640px) 712px, \" \/><\/a><\/div><\/div><div style=\"padding:5px;\" class=\"fusion-grid-column fusion-gallery-column fusion-gallery-column-3 hover-type-none\"><div class=\"fusion-gallery-image\"><a href=\"https:\/\/kariery.uek.krakow.pl\/wp-content\/uploads\/2025\/10\/PM_0012-scaled.jpg\" rel=\"noreferrer\" data-rel=\"iLightbox[gallery_image_1]\" class=\"fusion-lightbox\" target=\"_self\"><img decoding=\"async\" src=\"https:\/\/kariery.uek.krakow.pl\/wp-content\/uploads\/2025\/10\/PM_0012-scaled.jpg\" width=\"2560\" height=\"1706\" alt=\"\" title=\"PM_0012\" aria-label=\"PM_0012\" class=\"img-responsive wp-image-19773\" srcset=\"https:\/\/kariery.uek.krakow.pl\/wp-content\/uploads\/2025\/10\/PM_0012-200x133.jpg 200w, https:\/\/kariery.uek.krakow.pl\/wp-content\/uploads\/2025\/10\/PM_0012-400x267.jpg 400w, https:\/\/kariery.uek.krakow.pl\/wp-content\/uploads\/2025\/10\/PM_0012-600x400.jpg 600w, https:\/\/kariery.uek.krakow.pl\/wp-content\/uploads\/2025\/10\/PM_0012-800x533.jpg 800w, https:\/\/kariery.uek.krakow.pl\/wp-content\/uploads\/2025\/10\/PM_0012-1200x800.jpg 1200w, https:\/\/kariery.uek.krakow.pl\/wp-content\/uploads\/2025\/10\/PM_0012-scaled.jpg 2560w\" sizes=\"(min-width: 2200px) 100vw, (min-width: 784px) 463px, (min-width: 712px) 695px, (min-width: 640px) 712px, \" \/><\/a><\/div><\/div><div style=\"padding:5px;\" class=\"fusion-grid-column fusion-gallery-column fusion-gallery-column-3 hover-type-none\"><div class=\"fusion-gallery-image\"><a href=\"https:\/\/kariery.uek.krakow.pl\/wp-content\/uploads\/2025\/10\/PM_0136-scaled.jpg\" rel=\"noreferrer\" data-rel=\"iLightbox[gallery_image_1]\" class=\"fusion-lightbox\" target=\"_self\"><img decoding=\"async\" src=\"https:\/\/kariery.uek.krakow.pl\/wp-content\/uploads\/2025\/10\/PM_0136-scaled.jpg\" width=\"2560\" height=\"1706\" alt=\"\" title=\"PM_0136\" aria-label=\"PM_0136\" class=\"img-responsive wp-image-19795\" srcset=\"https:\/\/kariery.uek.krakow.pl\/wp-content\/uploads\/2025\/10\/PM_0136-200x133.jpg 200w, https:\/\/kariery.uek.krakow.pl\/wp-content\/uploads\/2025\/10\/PM_0136-400x267.jpg 400w, https:\/\/kariery.uek.krakow.pl\/wp-content\/uploads\/2025\/10\/PM_0136-600x400.jpg 600w, https:\/\/kariery.uek.krakow.pl\/wp-content\/uploads\/2025\/10\/PM_0136-800x533.jpg 800w, https:\/\/kariery.uek.krakow.pl\/wp-content\/uploads\/2025\/10\/PM_0136-1200x800.jpg 1200w, https:\/\/kariery.uek.krakow.pl\/wp-content\/uploads\/2025\/10\/PM_0136-scaled.jpg 2560w\" sizes=\"(min-width: 2200px) 100vw, (min-width: 784px) 463px, (min-width: 712px) 695px, (min-width: 640px) 712px, \" \/><\/a><\/div><\/div><div class=\"clearfix\"><\/div><div style=\"padding:5px;\" class=\"fusion-grid-column fusion-gallery-column fusion-gallery-column-3 hover-type-none\"><div class=\"fusion-gallery-image\"><a href=\"https:\/\/kariery.uek.krakow.pl\/wp-content\/uploads\/2025\/10\/PM_0139-scaled.jpg\" rel=\"noreferrer\" data-rel=\"iLightbox[gallery_image_1]\" class=\"fusion-lightbox\" target=\"_self\"><img decoding=\"async\" src=\"https:\/\/kariery.uek.krakow.pl\/wp-content\/uploads\/2025\/10\/PM_0139-scaled.jpg\" width=\"2560\" height=\"1706\" alt=\"\" title=\"PM_0139\" aria-label=\"PM_0139\" class=\"img-responsive wp-image-19797\" srcset=\"https:\/\/kariery.uek.krakow.pl\/wp-content\/uploads\/2025\/10\/PM_0139-200x133.jpg 200w, https:\/\/kariery.uek.krakow.pl\/wp-content\/uploads\/2025\/10\/PM_0139-400x267.jpg 400w, https:\/\/kariery.uek.krakow.pl\/wp-content\/uploads\/2025\/10\/PM_0139-600x400.jpg 600w, https:\/\/kariery.uek.krakow.pl\/wp-content\/uploads\/2025\/10\/PM_0139-800x533.jpg 800w, https:\/\/kariery.uek.krakow.pl\/wp-content\/uploads\/2025\/10\/PM_0139-1200x800.jpg 1200w, https:\/\/kariery.uek.krakow.pl\/wp-content\/uploads\/2025\/10\/PM_0139-scaled.jpg 2560w\" sizes=\"(min-width: 2200px) 100vw, (min-width: 784px) 463px, (min-width: 712px) 695px, (min-width: 640px) 712px, \" \/><\/a><\/div><\/div><div style=\"padding:5px;\" class=\"fusion-grid-column fusion-gallery-column fusion-gallery-column-3 hover-type-none\"><div class=\"fusion-gallery-image\"><a href=\"https:\/\/kariery.uek.krakow.pl\/wp-content\/uploads\/2025\/10\/PM_0366-scaled.jpg\" rel=\"noreferrer\" data-rel=\"iLightbox[gallery_image_1]\" class=\"fusion-lightbox\" target=\"_self\"><img decoding=\"async\" src=\"https:\/\/kariery.uek.krakow.pl\/wp-content\/uploads\/2025\/10\/PM_0366-scaled.jpg\" width=\"2560\" height=\"1709\" alt=\"\" title=\"PM_0366\" aria-label=\"PM_0366\" class=\"img-responsive wp-image-19819\" srcset=\"https:\/\/kariery.uek.krakow.pl\/wp-content\/uploads\/2025\/10\/PM_0366-200x134.jpg 200w, https:\/\/kariery.uek.krakow.pl\/wp-content\/uploads\/2025\/10\/PM_0366-400x267.jpg 400w, https:\/\/kariery.uek.krakow.pl\/wp-content\/uploads\/2025\/10\/PM_0366-600x401.jpg 600w, https:\/\/kariery.uek.krakow.pl\/wp-content\/uploads\/2025\/10\/PM_0366-800x534.jpg 800w, https:\/\/kariery.uek.krakow.pl\/wp-content\/uploads\/2025\/10\/PM_0366-1200x801.jpg 1200w, https:\/\/kariery.uek.krakow.pl\/wp-content\/uploads\/2025\/10\/PM_0366-scaled.jpg 2560w\" sizes=\"(min-width: 2200px) 100vw, (min-width: 784px) 463px, (min-width: 712px) 695px, (min-width: 640px) 712px, \" \/><\/a><\/div><\/div><div style=\"padding:5px;\" class=\"fusion-grid-column fusion-gallery-column fusion-gallery-column-3 hover-type-none\"><div class=\"fusion-gallery-image\"><a href=\"https:\/\/kariery.uek.krakow.pl\/wp-content\/uploads\/2025\/10\/PM_0639-scaled.jpg\" rel=\"noreferrer\" data-rel=\"iLightbox[gallery_image_1]\" class=\"fusion-lightbox\" target=\"_self\"><img decoding=\"async\" src=\"https:\/\/kariery.uek.krakow.pl\/wp-content\/uploads\/2025\/10\/PM_0639-scaled.jpg\" width=\"2560\" height=\"1706\" alt=\"\" title=\"PM_0639\" aria-label=\"PM_0639\" class=\"img-responsive wp-image-19839\" srcset=\"https:\/\/kariery.uek.krakow.pl\/wp-content\/uploads\/2025\/10\/PM_0639-200x133.jpg 200w, https:\/\/kariery.uek.krakow.pl\/wp-content\/uploads\/2025\/10\/PM_0639-400x267.jpg 400w, https:\/\/kariery.uek.krakow.pl\/wp-content\/uploads\/2025\/10\/PM_0639-600x400.jpg 600w, https:\/\/kariery.uek.krakow.pl\/wp-content\/uploads\/2025\/10\/PM_0639-800x533.jpg 800w, https:\/\/kariery.uek.krakow.pl\/wp-content\/uploads\/2025\/10\/PM_0639-1200x800.jpg 1200w, https:\/\/kariery.uek.krakow.pl\/wp-content\/uploads\/2025\/10\/PM_0639-scaled.jpg 2560w\" sizes=\"(min-width: 2200px) 100vw, (min-width: 784px) 463px, (min-width: 712px) 695px, (min-width: 640px) 712px, \" \/><\/a><\/div><\/div><div class=\"clearfix\"><\/div><\/div><\/div><\/div><\/div><\/div><\/div>\n","protected":false},"excerpt":{"rendered":"<p>Tegoroczna jesienna edycja cieszy\u0142a si\u0119 du\u017cym zainteresowaniem student\u00f3w i absolwent\u00f3w.<\/p>\n","protected":false},"author":6,"featured_media":19763,"comment_status":"closed","ping_status":"open","sticky":false,"template":"","format":"standard","meta":{"_acf_changed":false,"footnotes":""},"categories":[47],"tags":[],"class_list":["post-19755","post","type-post","status-publish","format-standard","has-post-thumbnail","hentry","category-job-internships"],"acf":[],"yoast_head":"<!-- This site is optimized with the Yoast SEO plugin v27.2 - https:\/\/yoast.com\/product\/yoast-seo-wordpress\/ -->\n<title>XXIV Targi Pracy UEK przyci\u0105gn\u0119\u0142y t\u0142umy - Akademickie Centrum Kariery Uniwersytetu Ekonomicznego w Krakowie<\/title>\n<meta name=\"robots\" content=\"index, follow, max-snippet:-1, max-image-preview:large, max-video-preview:-1\" \/>\n<link rel=\"canonical\" href=\"https:\/\/kariery.uek.krakow.pl\/en\/xxiv-targi-pracy-uek-przyciagnely-tlumy\/\" \/>\n<meta property=\"og:locale\" content=\"en_US\" \/>\n<meta property=\"og:type\" content=\"article\" \/>\n<meta property=\"og:title\" content=\"XXIV Targi Pracy UEK przyci\u0105gn\u0119\u0142y t\u0142umy - Akademickie Centrum Kariery Uniwersytetu Ekonomicznego w Krakowie\" \/>\n<meta property=\"og:description\" content=\"Tegoroczna jesienna edycja cieszy\u0142a si\u0119 du\u017cym zainteresowaniem student\u00f3w i absolwent\u00f3w.\" \/>\n<meta property=\"og:url\" content=\"https:\/\/kariery.uek.krakow.pl\/en\/xxiv-targi-pracy-uek-przyciagnely-tlumy\/\" \/>\n<meta property=\"og:site_name\" content=\"Akademickie Centrum Kariery Uniwersytetu Ekonomicznego w Krakowie\" \/>\n<meta property=\"article:publisher\" content=\"https:\/\/www.facebook.com\/AkademickieCentrumKariery\" \/>\n<meta property=\"article:published_time\" content=\"2025-10-20T12:00:16+00:00\" \/>\n<meta property=\"article:modified_time\" content=\"2025-10-20T12:00:17+00:00\" \/>\n<meta property=\"og:image\" content=\"https:\/\/kariery.uek.krakow.pl\/wp-content\/uploads\/2025\/10\/PM_0423-scaled.jpg\" \/>\n\t<meta property=\"og:image:width\" content=\"2560\" \/>\n\t<meta property=\"og:image:height\" content=\"1709\" \/>\n\t<meta property=\"og:image:type\" content=\"image\/jpeg\" \/>\n<meta name=\"author\" content=\"Marta Gorczowska\" \/>\n<meta name=\"twitter:card\" content=\"summary_large_image\" \/>\n<meta name=\"twitter:label1\" content=\"Written by\" \/>\n\t<meta name=\"twitter:data1\" content=\"Marta Gorczowska\" \/>\n\t<meta name=\"twitter:label2\" content=\"Est. reading time\" \/>\n\t<meta name=\"twitter:data2\" content=\"2 minutes\" \/>\n<script type=\"application\/ld+json\" class=\"yoast-schema-graph\">{\"@context\":\"https:\/\/schema.org\",\"@graph\":[{\"@type\":\"Article\",\"@id\":\"https:\/\/kariery.uek.krakow.pl\/en\/xxiv-targi-pracy-uek-przyciagnely-tlumy\/#article\",\"isPartOf\":{\"@id\":\"https:\/\/kariery.uek.krakow.pl\/en\/xxiv-targi-pracy-uek-przyciagnely-tlumy\/\"},\"author\":{\"name\":\"Marta Gorczowska\",\"@id\":\"https:\/\/kariery.uek.krakow.pl\/en\/#\/schema\/person\/d063fe9d280cfd29d544dbc31b99608f\"},\"headline\":\"XXIV Targi Pracy UEK przyci\u0105gn\u0119\u0142y t\u0142umy\",\"datePublished\":\"2025-10-20T12:00:16+00:00\",\"dateModified\":\"2025-10-20T12:00:17+00:00\",\"mainEntityOfPage\":{\"@id\":\"https:\/\/kariery.uek.krakow.pl\/en\/xxiv-targi-pracy-uek-przyciagnely-tlumy\/\"},\"wordCount\":1554,\"publisher\":{\"@id\":\"https:\/\/kariery.uek.krakow.pl\/en\/#organization\"},\"image\":{\"@id\":\"https:\/\/kariery.uek.krakow.pl\/en\/xxiv-targi-pracy-uek-przyciagnely-tlumy\/#primaryimage\"},\"thumbnailUrl\":\"https:\/\/kariery.uek.krakow.pl\/wp-content\/uploads\/2025\/10\/PM_0423-scaled.jpg\",\"articleSection\":[\"job, internships\"],\"inLanguage\":\"en-US\"},{\"@type\":\"WebPage\",\"@id\":\"https:\/\/kariery.uek.krakow.pl\/en\/xxiv-targi-pracy-uek-przyciagnely-tlumy\/\",\"url\":\"https:\/\/kariery.uek.krakow.pl\/en\/xxiv-targi-pracy-uek-przyciagnely-tlumy\/\",\"name\":\"XXIV Targi Pracy UEK przyci\u0105gn\u0119\u0142y t\u0142umy - Akademickie Centrum Kariery Uniwersytetu Ekonomicznego w Krakowie\",\"isPartOf\":{\"@id\":\"https:\/\/kariery.uek.krakow.pl\/en\/#website\"},\"primaryImageOfPage\":{\"@id\":\"https:\/\/kariery.uek.krakow.pl\/en\/xxiv-targi-pracy-uek-przyciagnely-tlumy\/#primaryimage\"},\"image\":{\"@id\":\"https:\/\/kariery.uek.krakow.pl\/en\/xxiv-targi-pracy-uek-przyciagnely-tlumy\/#primaryimage\"},\"thumbnailUrl\":\"https:\/\/kariery.uek.krakow.pl\/wp-content\/uploads\/2025\/10\/PM_0423-scaled.jpg\",\"datePublished\":\"2025-10-20T12:00:16+00:00\",\"dateModified\":\"2025-10-20T12:00:17+00:00\",\"breadcrumb\":{\"@id\":\"https:\/\/kariery.uek.krakow.pl\/en\/xxiv-targi-pracy-uek-przyciagnely-tlumy\/#breadcrumb\"},\"inLanguage\":\"en-US\",\"potentialAction\":[{\"@type\":\"ReadAction\",\"target\":[\"https:\/\/kariery.uek.krakow.pl\/en\/xxiv-targi-pracy-uek-przyciagnely-tlumy\/\"]}]},{\"@type\":\"ImageObject\",\"inLanguage\":\"en-US\",\"@id\":\"https:\/\/kariery.uek.krakow.pl\/en\/xxiv-targi-pracy-uek-przyciagnely-tlumy\/#primaryimage\",\"url\":\"https:\/\/kariery.uek.krakow.pl\/wp-content\/uploads\/2025\/10\/PM_0423-scaled.jpg\",\"contentUrl\":\"https:\/\/kariery.uek.krakow.pl\/wp-content\/uploads\/2025\/10\/PM_0423-scaled.jpg\",\"width\":2560,\"height\":1709},{\"@type\":\"BreadcrumbList\",\"@id\":\"https:\/\/kariery.uek.krakow.pl\/en\/xxiv-targi-pracy-uek-przyciagnely-tlumy\/#breadcrumb\",\"itemListElement\":[{\"@type\":\"ListItem\",\"position\":1,\"name\":\"Strona g\u0142\u00f3wna\",\"item\":\"https:\/\/kariery.uek.krakow.pl\/en\/home-page\/\"},{\"@type\":\"ListItem\",\"position\":2,\"name\":\"XXIV Targi Pracy UEK przyci\u0105gn\u0119\u0142y t\u0142umy\"}]},{\"@type\":\"WebSite\",\"@id\":\"https:\/\/kariery.uek.krakow.pl\/en\/#website\",\"url\":\"https:\/\/kariery.uek.krakow.pl\/en\/\",\"name\":\"Akademickie Centrum Kariery Uniwersytetu Ekonomicznego w Krakowie\",\"description\":\"\u0141\u0105czymy Student\u00f3w z Biznesem\",\"publisher\":{\"@id\":\"https:\/\/kariery.uek.krakow.pl\/en\/#organization\"},\"alternateName\":\"ACK UEK\",\"potentialAction\":[{\"@type\":\"SearchAction\",\"target\":{\"@type\":\"EntryPoint\",\"urlTemplate\":\"https:\/\/kariery.uek.krakow.pl\/en\/?s={search_term_string}\"},\"query-input\":{\"@type\":\"PropertyValueSpecification\",\"valueRequired\":true,\"valueName\":\"search_term_string\"}}],\"inLanguage\":\"en-US\"},{\"@type\":\"Organization\",\"@id\":\"https:\/\/kariery.uek.krakow.pl\/en\/#organization\",\"name\":\"Akacemickie Centrum Kariery UEK\",\"alternateName\":\"ACK UEK\",\"url\":\"https:\/\/kariery.uek.krakow.pl\/en\/\",\"logo\":{\"@type\":\"ImageObject\",\"inLanguage\":\"en-US\",\"@id\":\"https:\/\/kariery.uek.krakow.pl\/en\/#\/schema\/logo\/image\/\",\"url\":\"https:\/\/kariery.uek.krakow.pl\/wp-content\/uploads\/2023\/03\/4-zaslpeka.jpg\",\"contentUrl\":\"https:\/\/kariery.uek.krakow.pl\/wp-content\/uploads\/2023\/03\/4-zaslpeka.jpg\",\"width\":800,\"height\":534,\"caption\":\"Akacemickie Centrum Kariery UEK\"},\"image\":{\"@id\":\"https:\/\/kariery.uek.krakow.pl\/en\/#\/schema\/logo\/image\/\"},\"sameAs\":[\"https:\/\/www.facebook.com\/AkademickieCentrumKariery\",\"https:\/\/www.instagram.com\/ack_uek\/\",\"https:\/\/www.linkedin.com\/company\/akademickie-centrum-kariery-uek\/\"]},{\"@type\":\"Person\",\"@id\":\"https:\/\/kariery.uek.krakow.pl\/en\/#\/schema\/person\/d063fe9d280cfd29d544dbc31b99608f\",\"name\":\"Marta Gorczowska\"}]}<\/script>\n<!-- \/ Yoast SEO plugin. -->","yoast_head_json":{"title":"XXIV Targi Pracy UEK przyci\u0105gn\u0119\u0142y t\u0142umy - Akademickie Centrum Kariery Uniwersytetu Ekonomicznego w Krakowie","robots":{"index":"index","follow":"follow","max-snippet":"max-snippet:-1","max-image-preview":"max-image-preview:large","max-video-preview":"max-video-preview:-1"},"canonical":"https:\/\/kariery.uek.krakow.pl\/en\/xxiv-targi-pracy-uek-przyciagnely-tlumy\/","og_locale":"en_US","og_type":"article","og_title":"XXIV Targi Pracy UEK przyci\u0105gn\u0119\u0142y t\u0142umy - Akademickie Centrum Kariery Uniwersytetu Ekonomicznego w Krakowie","og_description":"Tegoroczna jesienna edycja cieszy\u0142a si\u0119 du\u017cym zainteresowaniem student\u00f3w i absolwent\u00f3w.","og_url":"https:\/\/kariery.uek.krakow.pl\/en\/xxiv-targi-pracy-uek-przyciagnely-tlumy\/","og_site_name":"Akademickie Centrum Kariery Uniwersytetu Ekonomicznego w Krakowie","article_publisher":"https:\/\/www.facebook.com\/AkademickieCentrumKariery","article_published_time":"2025-10-20T12:00:16+00:00","article_modified_time":"2025-10-20T12:00:17+00:00","og_image":[{"width":2560,"height":1709,"url":"https:\/\/kariery.uek.krakow.pl\/wp-content\/uploads\/2025\/10\/PM_0423-scaled.jpg","type":"image\/jpeg"}],"author":"Marta Gorczowska","twitter_card":"summary_large_image","twitter_misc":{"Written by":"Marta Gorczowska","Est. reading time":"2 minutes"},"schema":{"@context":"https:\/\/schema.org","@graph":[{"@type":"Article","@id":"https:\/\/kariery.uek.krakow.pl\/en\/xxiv-targi-pracy-uek-przyciagnely-tlumy\/#article","isPartOf":{"@id":"https:\/\/kariery.uek.krakow.pl\/en\/xxiv-targi-pracy-uek-przyciagnely-tlumy\/"},"author":{"name":"Marta Gorczowska","@id":"https:\/\/kariery.uek.krakow.pl\/en\/#\/schema\/person\/d063fe9d280cfd29d544dbc31b99608f"},"headline":"XXIV Targi Pracy UEK przyci\u0105gn\u0119\u0142y t\u0142umy","datePublished":"2025-10-20T12:00:16+00:00","dateModified":"2025-10-20T12:00:17+00:00","mainEntityOfPage":{"@id":"https:\/\/kariery.uek.krakow.pl\/en\/xxiv-targi-pracy-uek-przyciagnely-tlumy\/"},"wordCount":1554,"publisher":{"@id":"https:\/\/kariery.uek.krakow.pl\/en\/#organization"},"image":{"@id":"https:\/\/kariery.uek.krakow.pl\/en\/xxiv-targi-pracy-uek-przyciagnely-tlumy\/#primaryimage"},"thumbnailUrl":"https:\/\/kariery.uek.krakow.pl\/wp-content\/uploads\/2025\/10\/PM_0423-scaled.jpg","articleSection":["job, internships"],"inLanguage":"en-US"},{"@type":"WebPage","@id":"https:\/\/kariery.uek.krakow.pl\/en\/xxiv-targi-pracy-uek-przyciagnely-tlumy\/","url":"https:\/\/kariery.uek.krakow.pl\/en\/xxiv-targi-pracy-uek-przyciagnely-tlumy\/","name":"XXIV Targi Pracy UEK przyci\u0105gn\u0119\u0142y t\u0142umy - Akademickie Centrum Kariery Uniwersytetu Ekonomicznego w Krakowie","isPartOf":{"@id":"https:\/\/kariery.uek.krakow.pl\/en\/#website"},"primaryImageOfPage":{"@id":"https:\/\/kariery.uek.krakow.pl\/en\/xxiv-targi-pracy-uek-przyciagnely-tlumy\/#primaryimage"},"image":{"@id":"https:\/\/kariery.uek.krakow.pl\/en\/xxiv-targi-pracy-uek-przyciagnely-tlumy\/#primaryimage"},"thumbnailUrl":"https:\/\/kariery.uek.krakow.pl\/wp-content\/uploads\/2025\/10\/PM_0423-scaled.jpg","datePublished":"2025-10-20T12:00:16+00:00","dateModified":"2025-10-20T12:00:17+00:00","breadcrumb":{"@id":"https:\/\/kariery.uek.krakow.pl\/en\/xxiv-targi-pracy-uek-przyciagnely-tlumy\/#breadcrumb"},"inLanguage":"en-US","potentialAction":[{"@type":"ReadAction","target":["https:\/\/kariery.uek.krakow.pl\/en\/xxiv-targi-pracy-uek-przyciagnely-tlumy\/"]}]},{"@type":"ImageObject","inLanguage":"en-US","@id":"https:\/\/kariery.uek.krakow.pl\/en\/xxiv-targi-pracy-uek-przyciagnely-tlumy\/#primaryimage","url":"https:\/\/kariery.uek.krakow.pl\/wp-content\/uploads\/2025\/10\/PM_0423-scaled.jpg","contentUrl":"https:\/\/kariery.uek.krakow.pl\/wp-content\/uploads\/2025\/10\/PM_0423-scaled.jpg","width":2560,"height":1709},{"@type":"BreadcrumbList","@id":"https:\/\/kariery.uek.krakow.pl\/en\/xxiv-targi-pracy-uek-przyciagnely-tlumy\/#breadcrumb","itemListElement":[{"@type":"ListItem","position":1,"name":"Strona g\u0142\u00f3wna","item":"https:\/\/kariery.uek.krakow.pl\/en\/home-page\/"},{"@type":"ListItem","position":2,"name":"XXIV Targi Pracy UEK przyci\u0105gn\u0119\u0142y t\u0142umy"}]},{"@type":"WebSite","@id":"https:\/\/kariery.uek.krakow.pl\/en\/#website","url":"https:\/\/kariery.uek.krakow.pl\/en\/","name":"Akademickie Centrum Kariery Uniwersytetu Ekonomicznego w Krakowie","description":"\u0141\u0105czymy Student\u00f3w z Biznesem","publisher":{"@id":"https:\/\/kariery.uek.krakow.pl\/en\/#organization"},"alternateName":"ACK UEK","potentialAction":[{"@type":"SearchAction","target":{"@type":"EntryPoint","urlTemplate":"https:\/\/kariery.uek.krakow.pl\/en\/?s={search_term_string}"},"query-input":{"@type":"PropertyValueSpecification","valueRequired":true,"valueName":"search_term_string"}}],"inLanguage":"en-US"},{"@type":"Organization","@id":"https:\/\/kariery.uek.krakow.pl\/en\/#organization","name":"Akacemickie Centrum Kariery UEK","alternateName":"ACK UEK","url":"https:\/\/kariery.uek.krakow.pl\/en\/","logo":{"@type":"ImageObject","inLanguage":"en-US","@id":"https:\/\/kariery.uek.krakow.pl\/en\/#\/schema\/logo\/image\/","url":"https:\/\/kariery.uek.krakow.pl\/wp-content\/uploads\/2023\/03\/4-zaslpeka.jpg","contentUrl":"https:\/\/kariery.uek.krakow.pl\/wp-content\/uploads\/2023\/03\/4-zaslpeka.jpg","width":800,"height":534,"caption":"Akacemickie Centrum Kariery UEK"},"image":{"@id":"https:\/\/kariery.uek.krakow.pl\/en\/#\/schema\/logo\/image\/"},"sameAs":["https:\/\/www.facebook.com\/AkademickieCentrumKariery","https:\/\/www.instagram.com\/ack_uek\/","https:\/\/www.linkedin.com\/company\/akademickie-centrum-kariery-uek\/"]},{"@type":"Person","@id":"https:\/\/kariery.uek.krakow.pl\/en\/#\/schema\/person\/d063fe9d280cfd29d544dbc31b99608f","name":"Marta Gorczowska"}]}},"_links":{"self":[{"href":"https:\/\/kariery.uek.krakow.pl\/en\/wp-json\/wp\/v2\/posts\/19755","targetHints":{"allow":["GET"]}}],"collection":[{"href":"https:\/\/kariery.uek.krakow.pl\/en\/wp-json\/wp\/v2\/posts"}],"about":[{"href":"https:\/\/kariery.uek.krakow.pl\/en\/wp-json\/wp\/v2\/types\/post"}],"author":[{"embeddable":true,"href":"https:\/\/kariery.uek.krakow.pl\/en\/wp-json\/wp\/v2\/users\/6"}],"replies":[{"embeddable":true,"href":"https:\/\/kariery.uek.krakow.pl\/en\/wp-json\/wp\/v2\/comments?post=19755"}],"version-history":[{"count":11,"href":"https:\/\/kariery.uek.krakow.pl\/en\/wp-json\/wp\/v2\/posts\/19755\/revisions"}],"predecessor-version":[{"id":19845,"href":"https:\/\/kariery.uek.krakow.pl\/en\/wp-json\/wp\/v2\/posts\/19755\/revisions\/19845"}],"wp:featuredmedia":[{"embeddable":true,"href":"https:\/\/kariery.uek.krakow.pl\/en\/wp-json\/wp\/v2\/media\/19763"}],"wp:attachment":[{"href":"https:\/\/kariery.uek.krakow.pl\/en\/wp-json\/wp\/v2\/media?parent=19755"}],"wp:term":[{"taxonomy":"category","embeddable":true,"href":"https:\/\/kariery.uek.krakow.pl\/en\/wp-json\/wp\/v2\/categories?post=19755"},{"taxonomy":"post_tag","embeddable":true,"href":"https:\/\/kariery.uek.krakow.pl\/en\/wp-json\/wp\/v2\/tags?post=19755"}],"curies":[{"name":"wp","href":"https:\/\/api.w.org\/{rel}","templated":true}]}}