{"id":20892,"date":"2025-12-01T14:46:25","date_gmt":"2025-12-01T13:46:25","guid":{"rendered":"https:\/\/kariery.uek.krakow.pl\/?p=20892"},"modified":"2025-12-01T14:47:31","modified_gmt":"2025-12-01T13:47:31","slug":"przyszlosc-zmiana-umiejetnosci","status":"publish","type":"post","link":"https:\/\/kariery.uek.krakow.pl\/en\/przyszlosc-zmiana-umiejetnosci\/","title":{"rendered":"Przysz\u0142o\u015b\u0107 &#8211; Zmiana &#8211; Umiej\u0119tno\u015bci"},"content":{"rendered":"<div class=\"fusion-fullwidth fullwidth-box fusion-builder-row-1 fusion-flex-container has-pattern-background has-mask-background nonhundred-percent-fullwidth non-hundred-percent-height-scrolling\" style=\"--link_color: var(--awb-color5);--awb-border-radius-top-left:0px;--awb-border-radius-top-right:0px;--awb-border-radius-bottom-right:0px;--awb-border-radius-bottom-left:0px;--awb-padding-top:0px;--awb-padding-right:0px;--awb-padding-bottom:0px;--awb-padding-left:0px;--awb-margin-bottom:0px;--awb-flex-wrap:wrap;\" ><div class=\"fusion-builder-row fusion-row fusion-flex-align-items-flex-start fusion-flex-content-wrap\" style=\"max-width:calc( 1400px + 0px );margin-left: calc(-0px \/ 2 );margin-right: calc(-0px \/ 2 );\"><div class=\"fusion-layout-column fusion_builder_column fusion-builder-column-0 fusion_builder_column_1_1 1_1 fusion-flex-column\" style=\"--awb-bg-size:cover;--awb-width-large:100%;--awb-margin-top-large:0px;--awb-spacing-right-large:0px;--awb-margin-bottom-large:0px;--awb-spacing-left-large:0px;--awb-width-medium:100%;--awb-order-medium:0;--awb-spacing-right-medium:0px;--awb-spacing-left-medium:0px;--awb-width-small:100%;--awb-order-small:0;--awb-spacing-right-small:0px;--awb-spacing-left-small:0px;\"><div class=\"fusion-column-wrapper fusion-column-has-shadow fusion-flex-justify-content-flex-start fusion-content-layout-column\"><div class=\"fusion-text fusion-text-1\" style=\"--awb-margin-top:4vh;\"><p>Fundacja Digital University we wsp\u00f3\u0142pracy z Fundacj\u0105 PZU zapraszaj\u0105 studentki i absolwentki do udzia\u0142u w og\u00f3lnopolskim, bezp\u0142atnym programie rozwojowym \u201ePrzysz\u0142o\u015b\u0107. Zmiana. Umiej\u0119tno\u015bci.\u201d To pi\u0119ciomiesi\u0119czny program online (stycze\u0144\u2013maj 2026), kt\u00f3ry wspiera kobiety w wieku 20\u201340 lat w budowaniu pewno\u015bci siebie, rozwoju kompetencji przysz\u0142o\u015bci i przygotowaniu do wej\u015bcia lub powrotu na rynek pracy.<\/p>\n<\/div><div class=\"fusion-text fusion-text-2\" style=\"--awb-margin-top:4vh;\"><p><strong>Uczestniczki otrzymaj\u0105 m.in.:<\/strong><\/p>\n<\/div><ul style=\"--awb-line-height:27.2px;--awb-icon-width:27.2px;--awb-icon-height:27.2px;--awb-icon-margin:11.2px;--awb-content-margin:38.4px;\" class=\"fusion-checklist fusion-checklist-1 fusion-checklist-default type-icons\"><li class=\"fusion-li-item\" style=\"\"><span class=\"icon-wrapper circle-no\"><i class=\"fusion-li-icon awb-icon-check\" aria-hidden=\"true\"><\/i><\/span><div class=\"fusion-li-item-content\">\n<p>badanie mocnych stron Lumina Spark<\/p>\n<\/div><\/li><li class=\"fusion-li-item\" style=\"\"><span class=\"icon-wrapper circle-no\"><i class=\"fusion-li-icon awb-icon-check\" aria-hidden=\"true\"><\/i><\/span><div class=\"fusion-li-item-content\">\n<p>kurs praktycznych kompetencji AI i cyfrowych (18 h) zako\u0144czony certyfikatem<\/p>\n<\/div><\/li><li class=\"fusion-li-item\" style=\"\"><span class=\"icon-wrapper circle-no\"><i class=\"fusion-li-icon awb-icon-check\" aria-hidden=\"true\"><\/i><\/span><div class=\"fusion-li-item-content\">\n<p>warsztaty z planowania kariery w erze AI, krytycznego my\u015blenia i odporno\u015bci na dezinformacj\u0119<\/p>\n<\/div><\/li><li class=\"fusion-li-item\" style=\"\"><span class=\"icon-wrapper circle-no\"><i class=\"fusion-li-icon awb-icon-check\" aria-hidden=\"true\"><\/i><\/span><div class=\"fusion-li-item-content\">\n<p>wyk\u0142ady z higieny cyfrowej oraz finans\u00f3w osobistych<\/p>\n<\/div><\/li><\/ul><div class=\"fusion-text fusion-text-3\" style=\"--awb-margin-top:4vh;\"><p>Zaj\u0119cia odbywaj\u0105 si\u0119 w pe\u0142ni online, dzi\u0119ki czemu mog\u0105 wzi\u0105\u0107 w nich udzia\u0142 tak\u017ce osoby z mniejszych miejscowo\u015bci lub o ograniczonej mobilno\u015bci.<\/p>\n<\/div><div class=\"fusion-text fusion-text-4\" style=\"--awb-margin-top:4vh;\"><p><strong>Program \u201ePrzysz\u0142o\u015b\u0107. Zmiana. Umiej\u0119tno\u015bci.\u201d jest skierowany do kobiet, kt\u00f3re mierz\u0105 si\u0119 z realnymi wyzwaniami:<\/strong><\/p>\n<\/div><ul style=\"--awb-line-height:27.2px;--awb-icon-width:27.2px;--awb-icon-height:27.2px;--awb-icon-margin:11.2px;--awb-content-margin:38.4px;\" class=\"fusion-checklist fusion-checklist-2 fusion-checklist-default type-icons\"><li class=\"fusion-li-item\" style=\"\"><span class=\"icon-wrapper circle-no\"><i class=\"fusion-li-icon awb-icon-check\" aria-hidden=\"true\"><\/i><\/span><div class=\"fusion-li-item-content\">\n<p>trudno\u015bciami w znalezieniu pracy, brakiem do\u015bwiadczenia lub niepewno\u015bci\u0105 od czego zacz\u0105\u0107<\/p>\n<\/div><\/li><li class=\"fusion-li-item\" style=\"\"><span class=\"icon-wrapper circle-no\"><i class=\"fusion-li-icon awb-icon-check\" aria-hidden=\"true\"><\/i><\/span><div class=\"fusion-li-item-content\">\n<p>wykluczeniem komunikacyjnym, np. brakiem dost\u0119pu do kurs\u00f3w lub doradztwa<\/p>\n<\/div><\/li><li class=\"fusion-li-item\" style=\"\"><span class=\"icon-wrapper circle-no\"><i class=\"fusion-li-icon awb-icon-check\" aria-hidden=\"true\"><\/i><\/span><div class=\"fusion-li-item-content\">\n<p>ograniczon\u0105 sytuacj\u0105 materialn\u0105 utrudniaj\u0105c\u0105 inwestowanie w rozw\u00f3j<\/p>\n<\/div><\/li><li class=\"fusion-li-item\" style=\"\"><span class=\"icon-wrapper circle-no\"><i class=\"fusion-li-icon awb-icon-check\" aria-hidden=\"true\"><\/i><\/span><div class=\"fusion-li-item-content\">\n<p>poczuciem \u201enie wiem co dalej\u201d i brakiem pomys\u0142u na przysz\u0142o\u015b\u0107 zawodow\u0105<\/p>\n<\/div><\/li><li class=\"fusion-li-item\" style=\"\"><span class=\"icon-wrapper circle-no\"><i class=\"fusion-li-icon awb-icon-check\" aria-hidden=\"true\"><\/i><\/span><div class=\"fusion-li-item-content\">\n<p>potrzeb\u0105 wzmocnienia, odzyskania motywacji i pewno\u015bci siebie<\/p>\n<\/div><\/li><\/ul><div class=\"fusion-text fusion-text-5\" style=\"--awb-margin-top:4vh;\"><p><strong>Rekrutacja trwa do 15 grudnia 2025 r.<\/strong><br \/>\nLiczba miejsc: 100 uczestniczek<br \/>\nZapisy: <a href=\"https:\/\/fundacja.digitaluniversity.pl\/program-przyszlosc-zmiana-umiejetnosci\/\">https:\/\/fundacja.digitaluniversity.pl\/program-przyszlosc-zmiana-umiejetnosci\/<\/a><\/p>\n<\/div><div class=\"fusion-image-element \" style=\"--awb-margin-top:4vh;--awb-caption-title-font-family:var(--h2_typography-font-family);--awb-caption-title-font-weight:var(--h2_typography-font-weight);--awb-caption-title-font-style:var(--h2_typography-font-style);--awb-caption-title-size:var(--h2_typography-font-size);--awb-caption-title-transform:var(--h2_typography-text-transform);--awb-caption-title-line-height:var(--h2_typography-line-height);--awb-caption-title-letter-spacing:var(--h2_typography-letter-spacing);\"><span class=\" fusion-imageframe imageframe-none imageframe-1 hover-type-none\"><img decoding=\"async\" width=\"800\" height=\"250\" title=\"baner_1920x600 (2)\" src=\"https:\/\/kariery.uek.krakow.pl\/wp-content\/uploads\/2025\/12\/baner_1920x600-2-800x250.png\" alt class=\"img-responsive wp-image-20895\" srcset=\"https:\/\/kariery.uek.krakow.pl\/wp-content\/uploads\/2025\/12\/baner_1920x600-2-200x63.png 200w, https:\/\/kariery.uek.krakow.pl\/wp-content\/uploads\/2025\/12\/baner_1920x600-2-400x125.png 400w, https:\/\/kariery.uek.krakow.pl\/wp-content\/uploads\/2025\/12\/baner_1920x600-2-600x188.png 600w, https:\/\/kariery.uek.krakow.pl\/wp-content\/uploads\/2025\/12\/baner_1920x600-2-800x250.png 800w, https:\/\/kariery.uek.krakow.pl\/wp-content\/uploads\/2025\/12\/baner_1920x600-2-1200x375.png 1200w, https:\/\/kariery.uek.krakow.pl\/wp-content\/uploads\/2025\/12\/baner_1920x600-2.png 1920w\" sizes=\"(max-width: 640px) 100vw, 800px\" \/><\/span><\/div><\/div><\/div><\/div><\/div>\n","protected":false},"excerpt":{"rendered":"<p>Bezp\u0142atny program rozwojowy online dla kobiet w wieku 20-40 lat, kt\u00f3re chc\u0105 rozwin\u0105\u0107 kompetencje przysz\u0142o\u015bci i lepiej odnale\u017a\u0107 si\u0119 na rynku pracy<\/p>\n","protected":false},"author":5,"featured_media":20897,"comment_status":"closed","ping_status":"open","sticky":false,"template":"","format":"standard","meta":{"_acf_changed":false,"footnotes":""},"categories":[47,56,49],"tags":[],"class_list":["post-20892","post","type-post","status-publish","format-standard","has-post-thumbnail","hentry","category-job-internships","category-projects","category-trainings"],"acf":[],"yoast_head":"<!-- This site is optimized with the Yoast SEO plugin v27.2 - https:\/\/yoast.com\/product\/yoast-seo-wordpress\/ -->\n<title>Przysz\u0142o\u015b\u0107 - Zmiana - Umiej\u0119tno\u015bci - Akademickie Centrum Kariery Uniwersytetu Ekonomicznego w Krakowie<\/title>\n<meta name=\"robots\" content=\"index, follow, max-snippet:-1, max-image-preview:large, max-video-preview:-1\" \/>\n<link rel=\"canonical\" href=\"https:\/\/kariery.uek.krakow.pl\/en\/przyszlosc-zmiana-umiejetnosci\/\" \/>\n<meta property=\"og:locale\" content=\"en_US\" \/>\n<meta property=\"og:type\" content=\"article\" \/>\n<meta property=\"og:title\" content=\"Przysz\u0142o\u015b\u0107 - Zmiana - Umiej\u0119tno\u015bci - Akademickie Centrum Kariery Uniwersytetu Ekonomicznego w Krakowie\" \/>\n<meta property=\"og:description\" content=\"Bezp\u0142atny program rozwojowy online dla kobiet w wieku 20-40 lat, kt\u00f3re chc\u0105 rozwin\u0105\u0107 kompetencje przysz\u0142o\u015bci i lepiej odnale\u017a\u0107 si\u0119 na rynku pracy\" \/>\n<meta property=\"og:url\" content=\"https:\/\/kariery.uek.krakow.pl\/en\/przyszlosc-zmiana-umiejetnosci\/\" \/>\n<meta property=\"og:site_name\" content=\"Akademickie Centrum Kariery Uniwersytetu Ekonomicznego w Krakowie\" \/>\n<meta property=\"article:publisher\" content=\"https:\/\/www.facebook.com\/AkademickieCentrumKariery\" \/>\n<meta property=\"article:published_time\" content=\"2025-12-01T13:46:25+00:00\" \/>\n<meta property=\"article:modified_time\" content=\"2025-12-01T13:47:31+00:00\" \/>\n<meta property=\"og:image\" content=\"https:\/\/kariery.uek.krakow.pl\/wp-content\/uploads\/2025\/12\/baner_FB.png\" \/>\n\t<meta property=\"og:image:width\" content=\"1024\" \/>\n\t<meta property=\"og:image:height\" content=\"683\" \/>\n\t<meta property=\"og:image:type\" content=\"image\/png\" \/>\n<meta name=\"author\" content=\"Iwona Miklaszewska\" \/>\n<meta name=\"twitter:card\" content=\"summary_large_image\" \/>\n<meta name=\"twitter:label1\" content=\"Written by\" \/>\n\t<meta name=\"twitter:data1\" content=\"Iwona Miklaszewska\" \/>\n\t<meta name=\"twitter:label2\" content=\"Est. reading time\" \/>\n\t<meta name=\"twitter:data2\" content=\"3 minutes\" \/>\n<script type=\"application\/ld+json\" class=\"yoast-schema-graph\">{\"@context\":\"https:\/\/schema.org\",\"@graph\":[{\"@type\":\"Article\",\"@id\":\"https:\/\/kariery.uek.krakow.pl\/en\/przyszlosc-zmiana-umiejetnosci\/#article\",\"isPartOf\":{\"@id\":\"https:\/\/kariery.uek.krakow.pl\/en\/przyszlosc-zmiana-umiejetnosci\/\"},\"author\":{\"name\":\"Iwona Miklaszewska\",\"@id\":\"https:\/\/kariery.uek.krakow.pl\/en\/#\/schema\/person\/0b2fea3967aa3d0544cfa46011808c98\"},\"headline\":\"Przysz\u0142o\u015b\u0107 &#8211; Zmiana &#8211; Umiej\u0119tno\u015bci\",\"datePublished\":\"2025-12-01T13:46:25+00:00\",\"dateModified\":\"2025-12-01T13:47:31+00:00\",\"mainEntityOfPage\":{\"@id\":\"https:\/\/kariery.uek.krakow.pl\/en\/przyszlosc-zmiana-umiejetnosci\/\"},\"wordCount\":1896,\"publisher\":{\"@id\":\"https:\/\/kariery.uek.krakow.pl\/en\/#organization\"},\"image\":{\"@id\":\"https:\/\/kariery.uek.krakow.pl\/en\/przyszlosc-zmiana-umiejetnosci\/#primaryimage\"},\"thumbnailUrl\":\"https:\/\/kariery.uek.krakow.pl\/wp-content\/uploads\/2025\/12\/baner_FB.png\",\"articleSection\":[\"job, internships\",\"Projects\",\"Trainings\"],\"inLanguage\":\"en-US\"},{\"@type\":\"WebPage\",\"@id\":\"https:\/\/kariery.uek.krakow.pl\/en\/przyszlosc-zmiana-umiejetnosci\/\",\"url\":\"https:\/\/kariery.uek.krakow.pl\/en\/przyszlosc-zmiana-umiejetnosci\/\",\"name\":\"Przysz\u0142o\u015b\u0107 - Zmiana - Umiej\u0119tno\u015bci - Akademickie Centrum Kariery Uniwersytetu Ekonomicznego w Krakowie\",\"isPartOf\":{\"@id\":\"https:\/\/kariery.uek.krakow.pl\/en\/#website\"},\"primaryImageOfPage\":{\"@id\":\"https:\/\/kariery.uek.krakow.pl\/en\/przyszlosc-zmiana-umiejetnosci\/#primaryimage\"},\"image\":{\"@id\":\"https:\/\/kariery.uek.krakow.pl\/en\/przyszlosc-zmiana-umiejetnosci\/#primaryimage\"},\"thumbnailUrl\":\"https:\/\/kariery.uek.krakow.pl\/wp-content\/uploads\/2025\/12\/baner_FB.png\",\"datePublished\":\"2025-12-01T13:46:25+00:00\",\"dateModified\":\"2025-12-01T13:47:31+00:00\",\"breadcrumb\":{\"@id\":\"https:\/\/kariery.uek.krakow.pl\/en\/przyszlosc-zmiana-umiejetnosci\/#breadcrumb\"},\"inLanguage\":\"en-US\",\"potentialAction\":[{\"@type\":\"ReadAction\",\"target\":[\"https:\/\/kariery.uek.krakow.pl\/en\/przyszlosc-zmiana-umiejetnosci\/\"]}]},{\"@type\":\"ImageObject\",\"inLanguage\":\"en-US\",\"@id\":\"https:\/\/kariery.uek.krakow.pl\/en\/przyszlosc-zmiana-umiejetnosci\/#primaryimage\",\"url\":\"https:\/\/kariery.uek.krakow.pl\/wp-content\/uploads\/2025\/12\/baner_FB.png\",\"contentUrl\":\"https:\/\/kariery.uek.krakow.pl\/wp-content\/uploads\/2025\/12\/baner_FB.png\",\"width\":1024,\"height\":683},{\"@type\":\"BreadcrumbList\",\"@id\":\"https:\/\/kariery.uek.krakow.pl\/en\/przyszlosc-zmiana-umiejetnosci\/#breadcrumb\",\"itemListElement\":[{\"@type\":\"ListItem\",\"position\":1,\"name\":\"Strona g\u0142\u00f3wna\",\"item\":\"https:\/\/kariery.uek.krakow.pl\/en\/home-page\/\"},{\"@type\":\"ListItem\",\"position\":2,\"name\":\"Przysz\u0142o\u015b\u0107 &#8211; Zmiana &#8211; Umiej\u0119tno\u015bci\"}]},{\"@type\":\"WebSite\",\"@id\":\"https:\/\/kariery.uek.krakow.pl\/en\/#website\",\"url\":\"https:\/\/kariery.uek.krakow.pl\/en\/\",\"name\":\"Akademickie Centrum Kariery Uniwersytetu Ekonomicznego w Krakowie\",\"description\":\"\u0141\u0105czymy Student\u00f3w z Biznesem\",\"publisher\":{\"@id\":\"https:\/\/kariery.uek.krakow.pl\/en\/#organization\"},\"alternateName\":\"ACK UEK\",\"potentialAction\":[{\"@type\":\"SearchAction\",\"target\":{\"@type\":\"EntryPoint\",\"urlTemplate\":\"https:\/\/kariery.uek.krakow.pl\/en\/?s={search_term_string}\"},\"query-input\":{\"@type\":\"PropertyValueSpecification\",\"valueRequired\":true,\"valueName\":\"search_term_string\"}}],\"inLanguage\":\"en-US\"},{\"@type\":\"Organization\",\"@id\":\"https:\/\/kariery.uek.krakow.pl\/en\/#organization\",\"name\":\"Akacemickie Centrum Kariery UEK\",\"alternateName\":\"ACK UEK\",\"url\":\"https:\/\/kariery.uek.krakow.pl\/en\/\",\"logo\":{\"@type\":\"ImageObject\",\"inLanguage\":\"en-US\",\"@id\":\"https:\/\/kariery.uek.krakow.pl\/en\/#\/schema\/logo\/image\/\",\"url\":\"https:\/\/kariery.uek.krakow.pl\/wp-content\/uploads\/2023\/03\/4-zaslpeka.jpg\",\"contentUrl\":\"https:\/\/kariery.uek.krakow.pl\/wp-content\/uploads\/2023\/03\/4-zaslpeka.jpg\",\"width\":800,\"height\":534,\"caption\":\"Akacemickie Centrum Kariery UEK\"},\"image\":{\"@id\":\"https:\/\/kariery.uek.krakow.pl\/en\/#\/schema\/logo\/image\/\"},\"sameAs\":[\"https:\/\/www.facebook.com\/AkademickieCentrumKariery\",\"https:\/\/www.instagram.com\/ack_uek\/\",\"https:\/\/www.linkedin.com\/company\/akademickie-centrum-kariery-uek\/\"]},{\"@type\":\"Person\",\"@id\":\"https:\/\/kariery.uek.krakow.pl\/en\/#\/schema\/person\/0b2fea3967aa3d0544cfa46011808c98\",\"name\":\"Iwona Miklaszewska\"}]}<\/script>\n<!-- \/ Yoast SEO plugin. -->","yoast_head_json":{"title":"Przysz\u0142o\u015b\u0107 - Zmiana - Umiej\u0119tno\u015bci - Akademickie Centrum Kariery Uniwersytetu Ekonomicznego w Krakowie","robots":{"index":"index","follow":"follow","max-snippet":"max-snippet:-1","max-image-preview":"max-image-preview:large","max-video-preview":"max-video-preview:-1"},"canonical":"https:\/\/kariery.uek.krakow.pl\/en\/przyszlosc-zmiana-umiejetnosci\/","og_locale":"en_US","og_type":"article","og_title":"Przysz\u0142o\u015b\u0107 - Zmiana - Umiej\u0119tno\u015bci - Akademickie Centrum Kariery Uniwersytetu Ekonomicznego w Krakowie","og_description":"Bezp\u0142atny program rozwojowy online dla kobiet w wieku 20-40 lat, kt\u00f3re chc\u0105 rozwin\u0105\u0107 kompetencje przysz\u0142o\u015bci i lepiej odnale\u017a\u0107 si\u0119 na rynku pracy","og_url":"https:\/\/kariery.uek.krakow.pl\/en\/przyszlosc-zmiana-umiejetnosci\/","og_site_name":"Akademickie Centrum Kariery Uniwersytetu Ekonomicznego w Krakowie","article_publisher":"https:\/\/www.facebook.com\/AkademickieCentrumKariery","article_published_time":"2025-12-01T13:46:25+00:00","article_modified_time":"2025-12-01T13:47:31+00:00","og_image":[{"width":1024,"height":683,"url":"https:\/\/kariery.uek.krakow.pl\/wp-content\/uploads\/2025\/12\/baner_FB.png","type":"image\/png"}],"author":"Iwona Miklaszewska","twitter_card":"summary_large_image","twitter_misc":{"Written by":"Iwona Miklaszewska","Est. reading time":"3 minutes"},"schema":{"@context":"https:\/\/schema.org","@graph":[{"@type":"Article","@id":"https:\/\/kariery.uek.krakow.pl\/en\/przyszlosc-zmiana-umiejetnosci\/#article","isPartOf":{"@id":"https:\/\/kariery.uek.krakow.pl\/en\/przyszlosc-zmiana-umiejetnosci\/"},"author":{"name":"Iwona Miklaszewska","@id":"https:\/\/kariery.uek.krakow.pl\/en\/#\/schema\/person\/0b2fea3967aa3d0544cfa46011808c98"},"headline":"Przysz\u0142o\u015b\u0107 &#8211; Zmiana &#8211; Umiej\u0119tno\u015bci","datePublished":"2025-12-01T13:46:25+00:00","dateModified":"2025-12-01T13:47:31+00:00","mainEntityOfPage":{"@id":"https:\/\/kariery.uek.krakow.pl\/en\/przyszlosc-zmiana-umiejetnosci\/"},"wordCount":1896,"publisher":{"@id":"https:\/\/kariery.uek.krakow.pl\/en\/#organization"},"image":{"@id":"https:\/\/kariery.uek.krakow.pl\/en\/przyszlosc-zmiana-umiejetnosci\/#primaryimage"},"thumbnailUrl":"https:\/\/kariery.uek.krakow.pl\/wp-content\/uploads\/2025\/12\/baner_FB.png","articleSection":["job, internships","Projects","Trainings"],"inLanguage":"en-US"},{"@type":"WebPage","@id":"https:\/\/kariery.uek.krakow.pl\/en\/przyszlosc-zmiana-umiejetnosci\/","url":"https:\/\/kariery.uek.krakow.pl\/en\/przyszlosc-zmiana-umiejetnosci\/","name":"Przysz\u0142o\u015b\u0107 - Zmiana - Umiej\u0119tno\u015bci - Akademickie Centrum Kariery Uniwersytetu Ekonomicznego w Krakowie","isPartOf":{"@id":"https:\/\/kariery.uek.krakow.pl\/en\/#website"},"primaryImageOfPage":{"@id":"https:\/\/kariery.uek.krakow.pl\/en\/przyszlosc-zmiana-umiejetnosci\/#primaryimage"},"image":{"@id":"https:\/\/kariery.uek.krakow.pl\/en\/przyszlosc-zmiana-umiejetnosci\/#primaryimage"},"thumbnailUrl":"https:\/\/kariery.uek.krakow.pl\/wp-content\/uploads\/2025\/12\/baner_FB.png","datePublished":"2025-12-01T13:46:25+00:00","dateModified":"2025-12-01T13:47:31+00:00","breadcrumb":{"@id":"https:\/\/kariery.uek.krakow.pl\/en\/przyszlosc-zmiana-umiejetnosci\/#breadcrumb"},"inLanguage":"en-US","potentialAction":[{"@type":"ReadAction","target":["https:\/\/kariery.uek.krakow.pl\/en\/przyszlosc-zmiana-umiejetnosci\/"]}]},{"@type":"ImageObject","inLanguage":"en-US","@id":"https:\/\/kariery.uek.krakow.pl\/en\/przyszlosc-zmiana-umiejetnosci\/#primaryimage","url":"https:\/\/kariery.uek.krakow.pl\/wp-content\/uploads\/2025\/12\/baner_FB.png","contentUrl":"https:\/\/kariery.uek.krakow.pl\/wp-content\/uploads\/2025\/12\/baner_FB.png","width":1024,"height":683},{"@type":"BreadcrumbList","@id":"https:\/\/kariery.uek.krakow.pl\/en\/przyszlosc-zmiana-umiejetnosci\/#breadcrumb","itemListElement":[{"@type":"ListItem","position":1,"name":"Strona g\u0142\u00f3wna","item":"https:\/\/kariery.uek.krakow.pl\/en\/home-page\/"},{"@type":"ListItem","position":2,"name":"Przysz\u0142o\u015b\u0107 &#8211; Zmiana &#8211; Umiej\u0119tno\u015bci"}]},{"@type":"WebSite","@id":"https:\/\/kariery.uek.krakow.pl\/en\/#website","url":"https:\/\/kariery.uek.krakow.pl\/en\/","name":"Akademickie Centrum Kariery Uniwersytetu Ekonomicznego w Krakowie","description":"\u0141\u0105czymy Student\u00f3w z Biznesem","publisher":{"@id":"https:\/\/kariery.uek.krakow.pl\/en\/#organization"},"alternateName":"ACK UEK","potentialAction":[{"@type":"SearchAction","target":{"@type":"EntryPoint","urlTemplate":"https:\/\/kariery.uek.krakow.pl\/en\/?s={search_term_string}"},"query-input":{"@type":"PropertyValueSpecification","valueRequired":true,"valueName":"search_term_string"}}],"inLanguage":"en-US"},{"@type":"Organization","@id":"https:\/\/kariery.uek.krakow.pl\/en\/#organization","name":"Akacemickie Centrum Kariery UEK","alternateName":"ACK UEK","url":"https:\/\/kariery.uek.krakow.pl\/en\/","logo":{"@type":"ImageObject","inLanguage":"en-US","@id":"https:\/\/kariery.uek.krakow.pl\/en\/#\/schema\/logo\/image\/","url":"https:\/\/kariery.uek.krakow.pl\/wp-content\/uploads\/2023\/03\/4-zaslpeka.jpg","contentUrl":"https:\/\/kariery.uek.krakow.pl\/wp-content\/uploads\/2023\/03\/4-zaslpeka.jpg","width":800,"height":534,"caption":"Akacemickie Centrum Kariery UEK"},"image":{"@id":"https:\/\/kariery.uek.krakow.pl\/en\/#\/schema\/logo\/image\/"},"sameAs":["https:\/\/www.facebook.com\/AkademickieCentrumKariery","https:\/\/www.instagram.com\/ack_uek\/","https:\/\/www.linkedin.com\/company\/akademickie-centrum-kariery-uek\/"]},{"@type":"Person","@id":"https:\/\/kariery.uek.krakow.pl\/en\/#\/schema\/person\/0b2fea3967aa3d0544cfa46011808c98","name":"Iwona Miklaszewska"}]}},"_links":{"self":[{"href":"https:\/\/kariery.uek.krakow.pl\/en\/wp-json\/wp\/v2\/posts\/20892","targetHints":{"allow":["GET"]}}],"collection":[{"href":"https:\/\/kariery.uek.krakow.pl\/en\/wp-json\/wp\/v2\/posts"}],"about":[{"href":"https:\/\/kariery.uek.krakow.pl\/en\/wp-json\/wp\/v2\/types\/post"}],"author":[{"embeddable":true,"href":"https:\/\/kariery.uek.krakow.pl\/en\/wp-json\/wp\/v2\/users\/5"}],"replies":[{"embeddable":true,"href":"https:\/\/kariery.uek.krakow.pl\/en\/wp-json\/wp\/v2\/comments?post=20892"}],"version-history":[{"count":5,"href":"https:\/\/kariery.uek.krakow.pl\/en\/wp-json\/wp\/v2\/posts\/20892\/revisions"}],"predecessor-version":[{"id":20903,"href":"https:\/\/kariery.uek.krakow.pl\/en\/wp-json\/wp\/v2\/posts\/20892\/revisions\/20903"}],"wp:featuredmedia":[{"embeddable":true,"href":"https:\/\/kariery.uek.krakow.pl\/en\/wp-json\/wp\/v2\/media\/20897"}],"wp:attachment":[{"href":"https:\/\/kariery.uek.krakow.pl\/en\/wp-json\/wp\/v2\/media?parent=20892"}],"wp:term":[{"taxonomy":"category","embeddable":true,"href":"https:\/\/kariery.uek.krakow.pl\/en\/wp-json\/wp\/v2\/categories?post=20892"},{"taxonomy":"post_tag","embeddable":true,"href":"https:\/\/kariery.uek.krakow.pl\/en\/wp-json\/wp\/v2\/tags?post=20892"}],"curies":[{"name":"wp","href":"https:\/\/api.w.org\/{rel}","templated":true}]}}