{"id":21284,"date":"2025-12-18T15:36:47","date_gmt":"2025-12-18T14:36:47","guid":{"rendered":"https:\/\/kariery.uek.krakow.pl\/?p=21284"},"modified":"2025-12-18T15:37:45","modified_gmt":"2025-12-18T14:37:45","slug":"za-kulisami-praktyk-erasmus-jak-wygladal-staz-melanii-w-paryzu","status":"publish","type":"post","link":"https:\/\/kariery.uek.krakow.pl\/en\/za-kulisami-praktyk-erasmus-jak-wygladal-staz-melanii-w-paryzu\/","title":{"rendered":"Za kulisami praktyk Erasmus+. Jak wygl\u0105da\u0142 sta\u017c Melanii w Pary\u017cu?"},"content":{"rendered":"<div class=\"fusion-fullwidth fullwidth-box fusion-builder-row-1 fusion-flex-container has-pattern-background has-mask-background nonhundred-percent-fullwidth non-hundred-percent-height-scrolling\" style=\"--link_color: var(--awb-color5);--awb-border-radius-top-left:0px;--awb-border-radius-top-right:0px;--awb-border-radius-bottom-right:0px;--awb-border-radius-bottom-left:0px;--awb-padding-top:0px;--awb-padding-right:0px;--awb-padding-bottom:0px;--awb-padding-left:0px;--awb-margin-bottom:0px;--awb-flex-wrap:wrap;\" ><div class=\"fusion-builder-row fusion-row fusion-flex-align-items-flex-start fusion-flex-content-wrap\" style=\"max-width:calc( 1400px + 0px );margin-left: calc(-0px \/ 2 );margin-right: calc(-0px \/ 2 );\"><div class=\"fusion-layout-column fusion_builder_column fusion-builder-column-0 fusion_builder_column_1_1 1_1 fusion-flex-column\" style=\"--awb-bg-size:cover;--awb-width-large:100%;--awb-margin-top-large:0px;--awb-spacing-right-large:0px;--awb-margin-bottom-large:0px;--awb-spacing-left-large:0px;--awb-width-medium:100%;--awb-order-medium:0;--awb-spacing-right-medium:0px;--awb-spacing-left-medium:0px;--awb-width-small:100%;--awb-order-small:0;--awb-spacing-right-small:0px;--awb-spacing-left-small:0px;\"><div class=\"fusion-column-wrapper fusion-column-has-shadow fusion-flex-justify-content-flex-start fusion-content-layout-column\"><div class=\"fusion-text fusion-text-1\" style=\"--awb-margin-top:4vh;\"><p><b>ACK: Gdzie odbywa\u0142a Pani praktyki w ramach programu Erasmus+? W jakim kraju i firmie?<\/b><\/p>\n<p>M.: Na praktyki Erasmus+ wyjecha\u0142am do Pary\u017ca we Francji i pracowa\u0142am w firmie AdCreative.ai.<\/p>\n<p><b>Jak znalaz\u0142a Pani praktyki? Jak wygl\u0105da\u0142 proces aplikacji? Czy by\u0142o to trudne?<\/b><\/p>\n<p>Praktyki znalaz\u0142am na LinkedIn, proces rekrutacyjny zawiera\u0142 kr\u00f3tki filmik o sobie oraz <span style=\"background-color: rgba(0, 0, 0, 0);\">przes\u0142anie CV. W nast\u0119pnych etapach mia\u0142am dwie rozmowy o prac\u0119 z Head of Customer <\/span><span style=\"background-color: rgba(0, 0, 0, 0);\">Success i CBO firmy AdCreative.ai. Znalezienie praktyk by\u0142o wyzwaniem ze wzgl\u0119du na to, \u017ce <\/span><span style=\"background-color: rgba(0, 0, 0, 0);\">nie m\u00f3wi\u0119 po francusku, ale by\u0142am bardzo zdeterminowana i stara\u0142am si\u0119 aplikowa\u0107 do <\/span><span style=\"background-color: rgba(0, 0, 0, 0);\">mi\u0119dzynarodowych firm.<\/span><\/p>\n<p><b>Jakie by\u0142y Pani g\u0142\u00f3wne obowi\u0105zki podczas praktyk? Prosz\u0119 opisa\u0107 sw\u00f3j typowy dzie\u0144 pracy.<\/b><\/p>\n<p>Zajmowa\u0142am si\u0119 marketingiem oraz obs\u0142ug\u0105 klienta. Do moich g\u0142\u00f3wnych zada\u0144 nale\u017ca\u0142o <span style=\"background-color: rgba(0, 0, 0, 0);\">zarz\u0105dzanie interakcjami na mediach spo\u0142eczno\u015bciowych, obs\u0142uga klienta, wsparcie klient\u00f3w w <\/span><span style=\"background-color: rgba(0, 0, 0, 0);\">nauce projektowania w aplikacji AdCreative.ai oraz pracowanie nad strategi\u0105 poprawy retencji <\/span><span style=\"background-color: rgba(0, 0, 0, 0);\">klient\u00f3w. Od czasu do czasu pomaga\u0142am te\u017c przy p\u0142atnych reklamach. By\u0142am zaanga\u017cowana w <\/span><span style=\"background-color: rgba(0, 0, 0, 0);\">wiele mniejszych projekt\u00f3w i niestandardowych zada\u0144 jak posty na media spo\u0142eczno\u015bciowe, <\/span><span style=\"background-color: rgba(0, 0, 0, 0);\">pomoc zespo\u0142owi od p\u0142atnych medi\u00f3w lub tworzenie spersonalizowanego GPT. <\/span><span style=\"background-color: rgba(0, 0, 0, 0);\">Codziennie pracowa\u0142am z biura w 9. dzielnicy Pary\u017ca w pobli\u017cu Galeries Lafayette. Praca trwa\u0142a <\/span><span style=\"background-color: rgba(0, 0, 0, 0);\">od 10:00 do 18:00, oko\u0142o 12:00 mieli\u015bmy godzinn\u0105 przerw\u0119 na lunch, kt\u00f3r\u0105 sp\u0119dza\u0142am ze <\/span><span style=\"background-color: rgba(0, 0, 0, 0);\">znajomymi z pracy.<\/span><\/p>\n<p><span style=\"background-color: rgba(0, 0, 0, 0);\"><b>Czego nauczy\u0142a si\u0119 Pani podczas tych praktyk \u2013 zar\u00f3wno zawodowo, jak i osobi\u015bcie?<\/b><\/span><\/p>\n<p>Podczas praktyk zg\u0142\u0119bi\u0142am wiedz\u0119 o p\u0142atnych mediach, zarz\u0105dzaniu obecno\u015bci\u0105 marki w <span style=\"background-color: rgba(0, 0, 0, 0);\">mediach spo\u0142eczno\u015bciowych i tworzeniu materia\u0142\u00f3w promocyjnych. Rozwin\u0119\u0142am umiej\u0119tno\u015bci <\/span><span style=\"background-color: rgba(0, 0, 0, 0);\">budowania relacji z klientami i zapobiegania churnowi, obs\u0142uguj\u0105c klient\u00f3w na r\u00f3\u017cnych <\/span><span style=\"background-color: rgba(0, 0, 0, 0);\">platformach i tworz\u0105c rozwi\u0105zania AI wspieraj\u0105ce retencj\u0119. Zdoby\u0142am do\u015bwiadczenie w <\/span><span style=\"background-color: rgba(0, 0, 0, 0);\">tworzeniu kontentu edukacyjnego i promocyjnego na TikToka, Reddit czy Instagram, a tak\u017ce w <\/span><span style=\"background-color: rgba(0, 0, 0, 0);\">prowadzeniu kampanii mailingowych. Dodatkowo praca za granic\u0105 nauczy\u0142a mnie otwarto\u015bci, <\/span><span style=\"background-color: rgba(0, 0, 0, 0);\">elastyczno\u015bci i pracy w mi\u0119dzynarodowym \u015brodowisku.<\/span><\/p>\n<p><b>Czy zdobyte do\u015bwiadczenie wp\u0142yn\u0119\u0142o na Pani plany zawodowe lub edukacyjne?<\/b><\/p>\n<p>Podczas praktyk odkry\u0142am swoj\u0105 pasj\u0119 do obszaru p\u0142atnych medi\u00f3w i wiem, \u017ce w\u0142a\u015bnie w tym <span style=\"background-color: rgba(0, 0, 0, 0);\">kierunku chc\u0119 dalej rozwija\u0107 swoj\u0105 karier\u0119. Przekona\u0142am si\u0119 r\u00f3wnie\u017c, \u017ce chcia\u0142abym <\/span><span style=\"background-color: rgba(0, 0, 0, 0);\">kontynuowa\u0107 nauk\u0119 na studiach magisterskich w\u0142a\u015bnie w dziedzinie marketingu, aby pog\u0142\u0119bi\u0107 <\/span><span style=\"background-color: rgba(0, 0, 0, 0);\">wiedz\u0119 i umiej\u0119tno\u015bci, kt\u00f3re zdoby\u0142am w praktyce.<\/span><\/p>\n<p><b>Czy mia\u0142a Pani trudno\u015bci z adaptacj\u0105 do nowego \u015brodowiska kulturowego lub j\u0119zykowego?<\/b><\/p>\n<p>Na pocz\u0105tku mia\u0142am pewne trudno\u015bci z komunikacj\u0105 w sklepach czy piekarniach, poniewa\u017c <span style=\"background-color: rgba(0, 0, 0, 0);\">niewiele os\u00f3b w Pary\u017cu pos\u0142uguje si\u0119 j\u0119zykiem angielskim. Z czasem jednak nauczy\u0142am si\u0119 <\/span><span style=\"background-color: rgba(0, 0, 0, 0);\">podstawowych zwrot\u00f3w, co bardzo u\u0142atwi\u0142o mi codzienne funkcjonowanie. Je\u015bli chodzi o nowe <\/span><span style=\"background-color: rgba(0, 0, 0, 0);\">\u015brodowisko kulturowe, musia\u0142am przyzwyczai\u0107 si\u0119 do pracy z osobami z r\u00f3\u017cnych kraj\u00f3w i <\/span><span style=\"background-color: rgba(0, 0, 0, 0);\">nauczy\u0107 si\u0119 uwzgl\u0119dnia\u0107 nasze odmienne pochodzenie w codziennej komunikacji i interpretacji <\/span><span style=\"background-color: rgba(0, 0, 0, 0);\">wypowiedzi.<\/span><\/p>\n<p><b>Jak wygl\u0105da\u0142o Pani \u017cycie poza prac\u0105 \u2013 czy mia\u0142a Pani czas na zwiedzanie, poznawanie <span style=\"background-color: rgba(0, 0, 0, 0);\">ludzi?<\/span><\/b><\/p>\n<p>Tak! Po pracy cz\u0119sto spacerowa\u0142am po Pary\u017cu ze znajomymi, a w weekendy stara\u0142am si\u0119 jak <span style=\"background-color: rgba(0, 0, 0, 0);\">najwi\u0119cej zwiedza\u0107. Dwa razy wybra\u0142am si\u0119 te\u017c na wycieczki do Normandii i Bretanii, kt\u00f3re by\u0142y <\/span><span style=\"background-color: rgba(0, 0, 0, 0);\">zorganizowane przez organizacj\u0119 Erasmus Place. Bra\u0142am r\u00f3wnie\u017c udzia\u0142 w spotkaniach z <\/span><span style=\"background-color: rgba(0, 0, 0, 0);\">innymi uczestnikami Erasmusa, dzi\u0119ki czemu nawi\u0105za\u0142am wiele warto\u015bciowych znajomo\u015bci.<\/span><\/p>\n<p><span style=\"background-color: rgba(0, 0, 0, 0);\"><b>Jakie jest Pani najlepsze wspomnienie z tego wyjazdu?<\/b><\/span><\/p>\n<p>Bardzo dobrze wspominam firmowy wyjazd do ch\u00e2teau pod Pary\u017cem na weekend oraz <span style=\"background-color: rgba(0, 0, 0, 0);\">wszystkie wyj\u015bcia na firmowe obiady, lunche i \u015bniadania w biurze. Bardzo mi\u0142o wspominam te\u017c <\/span><span style=\"background-color: rgba(0, 0, 0, 0);\">zwiedzanie Pary\u017ca i wsp\u00f3lne wychodzenie ze znajomymi, by\u0142y to momenty, kt\u00f3re pozwoli\u0142y mi <\/span><span style=\"background-color: rgba(0, 0, 0, 0);\">lepiej pozna\u0107 miasto i nawi\u0105za\u0107 wiele warto\u015bciowych relacji.<\/span><\/p>\n<p><b>Czy by\u0142o co\u015b, co Pani\u0105 szczeg\u00f3lnie zaskoczy\u0142o \u2013 pozytywnie lub negatywnie?<\/b><\/p>\n<p>Ju\u017c wcze\u015bniej by\u0142am w Pary\u017cu na kr\u00f3tkiej wycieczce, wi\u0119c wiedzia\u0142am, \u017ce miasto ma wiele do <span style=\"background-color: rgba(0, 0, 0, 0);\">zaoferowania, ale i tak by\u0142am pozytywnie zaskoczona, gdy u\u015bwiadomi\u0142am sobie, jak wiele jest tu <\/span><span style=\"background-color: rgba(0, 0, 0, 0);\">atrakcji, park\u00f3w i miejsc do odkrywania. Najwi\u0119kszym zaskoczeniem by\u0142o to, \u017ce w Pary\u017cu <\/span><span style=\"background-color: rgba(0, 0, 0, 0);\">naprawd\u0119 nie da si\u0119 nudzi\u0107 nawet je\u015bli mieszka si\u0119 tu przez ca\u0142y rok!<\/span><\/p>\n<p><b>Czy poleci\u0142aby Pani udzia\u0142 w praktykach Erasmus+ innym studentom? Dlaczego?<\/b><\/p>\n<p>Tak, zdecydowanie poleci\u0142abym udzia\u0142 w praktykach Erasmus+, poniewa\u017c to bardzo rozwijaj\u0105ce <span style=\"background-color: rgba(0, 0, 0, 0);\">i warto\u015bciowe do\u015bwiadczenie, kt\u00f3re otwiera oczy na inne kultury, pokazuje odmienny styl pracy i <\/span><span style=\"background-color: rgba(0, 0, 0, 0);\">pozwala odkry\u0107 nowe pasje. To tak\u017ce \u015bwietna okazja, \u017ceby sprawdzi\u0107 si\u0119 w wyzwaniach <\/span><span style=\"background-color: rgba(0, 0, 0, 0);\">zwi\u0105zanych z przeprowadzk\u0105 za granic\u0119. Mi\u0119dzynarodowe do\u015bwiadczenie dodatkowo <\/span><span style=\"background-color: rgba(0, 0, 0, 0);\">wzbogaca CV i wyr\u00f3\u017cnia na rynku pracy.<\/span><\/p>\n<p><b>Jakie rady da\u0142aby Pani osobom, kt\u00f3re dopiero planuj\u0105 taki wyjazd?<\/b><\/p>\n<p>Przede wszystkim nie nale\u017cy si\u0119 zniech\u0119ca\u0107 w trakcie procesu aplikacji. Warto celowa\u0107 w <span style=\"background-color: rgba(0, 0, 0, 0);\">mniejsze firmy, takie jak startupy, kt\u00f3re cz\u0119sto s\u0105 bardziej otwarte na praktykant\u00f3w z zagranicy. <\/span><span style=\"background-color: rgba(0, 0, 0, 0);\">Kandydaci powinni r\u00f3wnie\u017c wysy\u0142a\u0107 bezpo\u015brednie wiadomo\u015bci przez LinkedIn do os\u00f3b <\/span><span style=\"background-color: rgba(0, 0, 0, 0);\">decyzyjnych w firmach, kt\u00f3rymi s\u0105 zainteresowani. Nagranie kr\u00f3tkiego filmiku o sobie i <\/span><span style=\"background-color: rgba(0, 0, 0, 0);\">przes\u0142anie do w\u0142a\u015bciwej osoby jest dobrym pomys\u0142em, aby si\u0119 wyr\u00f3\u017cni\u0107. Wa\u017cne jest tak\u017ce, aby <\/span><span style=\"background-color: rgba(0, 0, 0, 0);\">dobrze dopracowa\u0107 sw\u00f3j profil na LinkedIn i dostosowywa\u0107 CV do ka\u017cdej oferty pracy, na kt\u00f3r\u0105 <\/span><span style=\"background-color: rgba(0, 0, 0, 0);\">aplikujemy.<\/span><\/p>\n<\/div><div class=\"fusion-image-element \" style=\"--awb-caption-title-font-family:var(--h2_typography-font-family);--awb-caption-title-font-weight:var(--h2_typography-font-weight);--awb-caption-title-font-style:var(--h2_typography-font-style);--awb-caption-title-size:var(--h2_typography-font-size);--awb-caption-title-transform:var(--h2_typography-text-transform);--awb-caption-title-line-height:var(--h2_typography-line-height);--awb-caption-title-letter-spacing:var(--h2_typography-letter-spacing);\"><span class=\" fusion-imageframe imageframe-none imageframe-1 hover-type-none\"><img decoding=\"async\" width=\"940\" height=\"788\" title=\"Projekt bez nazwy &#8211; 2025-12-18T152955.748\" src=\"https:\/\/kariery.uek.krakow.pl\/wp-content\/uploads\/2025\/12\/Projekt-bez-nazwy-2025-12-18T152955.748.png\" alt class=\"img-responsive wp-image-21290\" srcset=\"https:\/\/kariery.uek.krakow.pl\/wp-content\/uploads\/2025\/12\/Projekt-bez-nazwy-2025-12-18T152955.748-200x168.png 200w, https:\/\/kariery.uek.krakow.pl\/wp-content\/uploads\/2025\/12\/Projekt-bez-nazwy-2025-12-18T152955.748-400x335.png 400w, https:\/\/kariery.uek.krakow.pl\/wp-content\/uploads\/2025\/12\/Projekt-bez-nazwy-2025-12-18T152955.748-600x503.png 600w, https:\/\/kariery.uek.krakow.pl\/wp-content\/uploads\/2025\/12\/Projekt-bez-nazwy-2025-12-18T152955.748-800x671.png 800w, https:\/\/kariery.uek.krakow.pl\/wp-content\/uploads\/2025\/12\/Projekt-bez-nazwy-2025-12-18T152955.748.png 940w\" sizes=\"(max-width: 640px) 100vw, 940px\" \/><\/span><\/div><\/div><\/div><\/div><\/div>\n","protected":false},"excerpt":{"rendered":"<p>Praktyki w stolicy Francji to marzenie wielu os\u00f3b. Przeczytaj, jak Melanii uda\u0142o si\u0119 je zrealizowa\u0107! <\/p>\n","protected":false},"author":6,"featured_media":21290,"comment_status":"closed","ping_status":"open","sticky":false,"template":"","format":"standard","meta":{"_acf_changed":false,"footnotes":""},"categories":[48,47],"tags":[],"class_list":["post-21284","post","type-post","status-publish","format-standard","has-post-thumbnail","hentry","category-internships-abroad","category-job-internships"],"acf":[],"yoast_head":"<!-- This site is optimized with the Yoast SEO plugin v27.2 - https:\/\/yoast.com\/product\/yoast-seo-wordpress\/ -->\n<title>Za kulisami praktyk Erasmus+. Jak wygl\u0105da\u0142 sta\u017c Melanii w Pary\u017cu? - Akademickie Centrum Kariery Uniwersytetu Ekonomicznego w Krakowie<\/title>\n<meta name=\"robots\" content=\"index, follow, max-snippet:-1, max-image-preview:large, max-video-preview:-1\" \/>\n<link rel=\"canonical\" href=\"https:\/\/kariery.uek.krakow.pl\/en\/za-kulisami-praktyk-erasmus-jak-wygladal-staz-melanii-w-paryzu\/\" \/>\n<meta property=\"og:locale\" content=\"en_US\" \/>\n<meta property=\"og:type\" content=\"article\" \/>\n<meta property=\"og:title\" content=\"Za kulisami praktyk Erasmus+. Jak wygl\u0105da\u0142 sta\u017c Melanii w Pary\u017cu? - Akademickie Centrum Kariery Uniwersytetu Ekonomicznego w Krakowie\" \/>\n<meta property=\"og:description\" content=\"Praktyki w stolicy Francji to marzenie wielu os\u00f3b. Przeczytaj, jak Melanii uda\u0142o si\u0119 je zrealizowa\u0107!\" \/>\n<meta property=\"og:url\" content=\"https:\/\/kariery.uek.krakow.pl\/en\/za-kulisami-praktyk-erasmus-jak-wygladal-staz-melanii-w-paryzu\/\" \/>\n<meta property=\"og:site_name\" content=\"Akademickie Centrum Kariery Uniwersytetu Ekonomicznego w Krakowie\" \/>\n<meta property=\"article:publisher\" content=\"https:\/\/www.facebook.com\/AkademickieCentrumKariery\" \/>\n<meta property=\"article:published_time\" content=\"2025-12-18T14:36:47+00:00\" \/>\n<meta property=\"article:modified_time\" content=\"2025-12-18T14:37:45+00:00\" \/>\n<meta property=\"og:image\" content=\"https:\/\/kariery.uek.krakow.pl\/wp-content\/uploads\/2025\/12\/Projekt-bez-nazwy-2025-12-18T152955.748.png\" \/>\n\t<meta property=\"og:image:width\" content=\"940\" \/>\n\t<meta property=\"og:image:height\" content=\"788\" \/>\n\t<meta property=\"og:image:type\" content=\"image\/png\" \/>\n<meta name=\"author\" content=\"Marta Gorczowska\" \/>\n<meta name=\"twitter:card\" content=\"summary_large_image\" \/>\n<meta name=\"twitter:label1\" content=\"Written by\" \/>\n\t<meta name=\"twitter:data1\" content=\"Marta Gorczowska\" \/>\n\t<meta name=\"twitter:label2\" content=\"Est. reading time\" \/>\n\t<meta name=\"twitter:data2\" content=\"8 minutes\" \/>\n<script type=\"application\/ld+json\" class=\"yoast-schema-graph\">{\"@context\":\"https:\/\/schema.org\",\"@graph\":[{\"@type\":\"Article\",\"@id\":\"https:\/\/kariery.uek.krakow.pl\/en\/za-kulisami-praktyk-erasmus-jak-wygladal-staz-melanii-w-paryzu\/#article\",\"isPartOf\":{\"@id\":\"https:\/\/kariery.uek.krakow.pl\/en\/za-kulisami-praktyk-erasmus-jak-wygladal-staz-melanii-w-paryzu\/\"},\"author\":{\"name\":\"Marta Gorczowska\",\"@id\":\"https:\/\/kariery.uek.krakow.pl\/en\/#\/schema\/person\/d063fe9d280cfd29d544dbc31b99608f\"},\"headline\":\"Za kulisami praktyk Erasmus+. Jak wygl\u0105da\u0142 sta\u017c Melanii w Pary\u017cu?\",\"datePublished\":\"2025-12-18T14:36:47+00:00\",\"dateModified\":\"2025-12-18T14:37:45+00:00\",\"mainEntityOfPage\":{\"@id\":\"https:\/\/kariery.uek.krakow.pl\/en\/za-kulisami-praktyk-erasmus-jak-wygladal-staz-melanii-w-paryzu\/\"},\"wordCount\":1592,\"publisher\":{\"@id\":\"https:\/\/kariery.uek.krakow.pl\/en\/#organization\"},\"image\":{\"@id\":\"https:\/\/kariery.uek.krakow.pl\/en\/za-kulisami-praktyk-erasmus-jak-wygladal-staz-melanii-w-paryzu\/#primaryimage\"},\"thumbnailUrl\":\"https:\/\/kariery.uek.krakow.pl\/wp-content\/uploads\/2025\/12\/Projekt-bez-nazwy-2025-12-18T152955.748.png\",\"articleSection\":[\"Internships abroad\",\"job, internships\"],\"inLanguage\":\"en-US\"},{\"@type\":\"WebPage\",\"@id\":\"https:\/\/kariery.uek.krakow.pl\/en\/za-kulisami-praktyk-erasmus-jak-wygladal-staz-melanii-w-paryzu\/\",\"url\":\"https:\/\/kariery.uek.krakow.pl\/en\/za-kulisami-praktyk-erasmus-jak-wygladal-staz-melanii-w-paryzu\/\",\"name\":\"Za kulisami praktyk Erasmus+. Jak wygl\u0105da\u0142 sta\u017c Melanii w Pary\u017cu? - Akademickie Centrum Kariery Uniwersytetu Ekonomicznego w Krakowie\",\"isPartOf\":{\"@id\":\"https:\/\/kariery.uek.krakow.pl\/en\/#website\"},\"primaryImageOfPage\":{\"@id\":\"https:\/\/kariery.uek.krakow.pl\/en\/za-kulisami-praktyk-erasmus-jak-wygladal-staz-melanii-w-paryzu\/#primaryimage\"},\"image\":{\"@id\":\"https:\/\/kariery.uek.krakow.pl\/en\/za-kulisami-praktyk-erasmus-jak-wygladal-staz-melanii-w-paryzu\/#primaryimage\"},\"thumbnailUrl\":\"https:\/\/kariery.uek.krakow.pl\/wp-content\/uploads\/2025\/12\/Projekt-bez-nazwy-2025-12-18T152955.748.png\",\"datePublished\":\"2025-12-18T14:36:47+00:00\",\"dateModified\":\"2025-12-18T14:37:45+00:00\",\"breadcrumb\":{\"@id\":\"https:\/\/kariery.uek.krakow.pl\/en\/za-kulisami-praktyk-erasmus-jak-wygladal-staz-melanii-w-paryzu\/#breadcrumb\"},\"inLanguage\":\"en-US\",\"potentialAction\":[{\"@type\":\"ReadAction\",\"target\":[\"https:\/\/kariery.uek.krakow.pl\/en\/za-kulisami-praktyk-erasmus-jak-wygladal-staz-melanii-w-paryzu\/\"]}]},{\"@type\":\"ImageObject\",\"inLanguage\":\"en-US\",\"@id\":\"https:\/\/kariery.uek.krakow.pl\/en\/za-kulisami-praktyk-erasmus-jak-wygladal-staz-melanii-w-paryzu\/#primaryimage\",\"url\":\"https:\/\/kariery.uek.krakow.pl\/wp-content\/uploads\/2025\/12\/Projekt-bez-nazwy-2025-12-18T152955.748.png\",\"contentUrl\":\"https:\/\/kariery.uek.krakow.pl\/wp-content\/uploads\/2025\/12\/Projekt-bez-nazwy-2025-12-18T152955.748.png\",\"width\":940,\"height\":788},{\"@type\":\"BreadcrumbList\",\"@id\":\"https:\/\/kariery.uek.krakow.pl\/en\/za-kulisami-praktyk-erasmus-jak-wygladal-staz-melanii-w-paryzu\/#breadcrumb\",\"itemListElement\":[{\"@type\":\"ListItem\",\"position\":1,\"name\":\"Strona g\u0142\u00f3wna\",\"item\":\"https:\/\/kariery.uek.krakow.pl\/en\/home-page\/\"},{\"@type\":\"ListItem\",\"position\":2,\"name\":\"Za kulisami praktyk Erasmus+. Jak wygl\u0105da\u0142 sta\u017c Melanii w Pary\u017cu?\"}]},{\"@type\":\"WebSite\",\"@id\":\"https:\/\/kariery.uek.krakow.pl\/en\/#website\",\"url\":\"https:\/\/kariery.uek.krakow.pl\/en\/\",\"name\":\"Akademickie Centrum Kariery Uniwersytetu Ekonomicznego w Krakowie\",\"description\":\"\u0141\u0105czymy Student\u00f3w z Biznesem\",\"publisher\":{\"@id\":\"https:\/\/kariery.uek.krakow.pl\/en\/#organization\"},\"alternateName\":\"ACK UEK\",\"potentialAction\":[{\"@type\":\"SearchAction\",\"target\":{\"@type\":\"EntryPoint\",\"urlTemplate\":\"https:\/\/kariery.uek.krakow.pl\/en\/?s={search_term_string}\"},\"query-input\":{\"@type\":\"PropertyValueSpecification\",\"valueRequired\":true,\"valueName\":\"search_term_string\"}}],\"inLanguage\":\"en-US\"},{\"@type\":\"Organization\",\"@id\":\"https:\/\/kariery.uek.krakow.pl\/en\/#organization\",\"name\":\"Akacemickie Centrum Kariery UEK\",\"alternateName\":\"ACK UEK\",\"url\":\"https:\/\/kariery.uek.krakow.pl\/en\/\",\"logo\":{\"@type\":\"ImageObject\",\"inLanguage\":\"en-US\",\"@id\":\"https:\/\/kariery.uek.krakow.pl\/en\/#\/schema\/logo\/image\/\",\"url\":\"https:\/\/kariery.uek.krakow.pl\/wp-content\/uploads\/2023\/03\/4-zaslpeka.jpg\",\"contentUrl\":\"https:\/\/kariery.uek.krakow.pl\/wp-content\/uploads\/2023\/03\/4-zaslpeka.jpg\",\"width\":800,\"height\":534,\"caption\":\"Akacemickie Centrum Kariery UEK\"},\"image\":{\"@id\":\"https:\/\/kariery.uek.krakow.pl\/en\/#\/schema\/logo\/image\/\"},\"sameAs\":[\"https:\/\/www.facebook.com\/AkademickieCentrumKariery\",\"https:\/\/www.instagram.com\/ack_uek\/\",\"https:\/\/www.linkedin.com\/company\/akademickie-centrum-kariery-uek\/\"]},{\"@type\":\"Person\",\"@id\":\"https:\/\/kariery.uek.krakow.pl\/en\/#\/schema\/person\/d063fe9d280cfd29d544dbc31b99608f\",\"name\":\"Marta Gorczowska\"}]}<\/script>\n<!-- \/ Yoast SEO plugin. -->","yoast_head_json":{"title":"Za kulisami praktyk Erasmus+. Jak wygl\u0105da\u0142 sta\u017c Melanii w Pary\u017cu? - Akademickie Centrum Kariery Uniwersytetu Ekonomicznego w Krakowie","robots":{"index":"index","follow":"follow","max-snippet":"max-snippet:-1","max-image-preview":"max-image-preview:large","max-video-preview":"max-video-preview:-1"},"canonical":"https:\/\/kariery.uek.krakow.pl\/en\/za-kulisami-praktyk-erasmus-jak-wygladal-staz-melanii-w-paryzu\/","og_locale":"en_US","og_type":"article","og_title":"Za kulisami praktyk Erasmus+. Jak wygl\u0105da\u0142 sta\u017c Melanii w Pary\u017cu? - Akademickie Centrum Kariery Uniwersytetu Ekonomicznego w Krakowie","og_description":"Praktyki w stolicy Francji to marzenie wielu os\u00f3b. Przeczytaj, jak Melanii uda\u0142o si\u0119 je zrealizowa\u0107!","og_url":"https:\/\/kariery.uek.krakow.pl\/en\/za-kulisami-praktyk-erasmus-jak-wygladal-staz-melanii-w-paryzu\/","og_site_name":"Akademickie Centrum Kariery Uniwersytetu Ekonomicznego w Krakowie","article_publisher":"https:\/\/www.facebook.com\/AkademickieCentrumKariery","article_published_time":"2025-12-18T14:36:47+00:00","article_modified_time":"2025-12-18T14:37:45+00:00","og_image":[{"width":940,"height":788,"url":"https:\/\/kariery.uek.krakow.pl\/wp-content\/uploads\/2025\/12\/Projekt-bez-nazwy-2025-12-18T152955.748.png","type":"image\/png"}],"author":"Marta Gorczowska","twitter_card":"summary_large_image","twitter_misc":{"Written by":"Marta Gorczowska","Est. reading time":"8 minutes"},"schema":{"@context":"https:\/\/schema.org","@graph":[{"@type":"Article","@id":"https:\/\/kariery.uek.krakow.pl\/en\/za-kulisami-praktyk-erasmus-jak-wygladal-staz-melanii-w-paryzu\/#article","isPartOf":{"@id":"https:\/\/kariery.uek.krakow.pl\/en\/za-kulisami-praktyk-erasmus-jak-wygladal-staz-melanii-w-paryzu\/"},"author":{"name":"Marta Gorczowska","@id":"https:\/\/kariery.uek.krakow.pl\/en\/#\/schema\/person\/d063fe9d280cfd29d544dbc31b99608f"},"headline":"Za kulisami praktyk Erasmus+. Jak wygl\u0105da\u0142 sta\u017c Melanii w Pary\u017cu?","datePublished":"2025-12-18T14:36:47+00:00","dateModified":"2025-12-18T14:37:45+00:00","mainEntityOfPage":{"@id":"https:\/\/kariery.uek.krakow.pl\/en\/za-kulisami-praktyk-erasmus-jak-wygladal-staz-melanii-w-paryzu\/"},"wordCount":1592,"publisher":{"@id":"https:\/\/kariery.uek.krakow.pl\/en\/#organization"},"image":{"@id":"https:\/\/kariery.uek.krakow.pl\/en\/za-kulisami-praktyk-erasmus-jak-wygladal-staz-melanii-w-paryzu\/#primaryimage"},"thumbnailUrl":"https:\/\/kariery.uek.krakow.pl\/wp-content\/uploads\/2025\/12\/Projekt-bez-nazwy-2025-12-18T152955.748.png","articleSection":["Internships abroad","job, internships"],"inLanguage":"en-US"},{"@type":"WebPage","@id":"https:\/\/kariery.uek.krakow.pl\/en\/za-kulisami-praktyk-erasmus-jak-wygladal-staz-melanii-w-paryzu\/","url":"https:\/\/kariery.uek.krakow.pl\/en\/za-kulisami-praktyk-erasmus-jak-wygladal-staz-melanii-w-paryzu\/","name":"Za kulisami praktyk Erasmus+. Jak wygl\u0105da\u0142 sta\u017c Melanii w Pary\u017cu? - Akademickie Centrum Kariery Uniwersytetu Ekonomicznego w Krakowie","isPartOf":{"@id":"https:\/\/kariery.uek.krakow.pl\/en\/#website"},"primaryImageOfPage":{"@id":"https:\/\/kariery.uek.krakow.pl\/en\/za-kulisami-praktyk-erasmus-jak-wygladal-staz-melanii-w-paryzu\/#primaryimage"},"image":{"@id":"https:\/\/kariery.uek.krakow.pl\/en\/za-kulisami-praktyk-erasmus-jak-wygladal-staz-melanii-w-paryzu\/#primaryimage"},"thumbnailUrl":"https:\/\/kariery.uek.krakow.pl\/wp-content\/uploads\/2025\/12\/Projekt-bez-nazwy-2025-12-18T152955.748.png","datePublished":"2025-12-18T14:36:47+00:00","dateModified":"2025-12-18T14:37:45+00:00","breadcrumb":{"@id":"https:\/\/kariery.uek.krakow.pl\/en\/za-kulisami-praktyk-erasmus-jak-wygladal-staz-melanii-w-paryzu\/#breadcrumb"},"inLanguage":"en-US","potentialAction":[{"@type":"ReadAction","target":["https:\/\/kariery.uek.krakow.pl\/en\/za-kulisami-praktyk-erasmus-jak-wygladal-staz-melanii-w-paryzu\/"]}]},{"@type":"ImageObject","inLanguage":"en-US","@id":"https:\/\/kariery.uek.krakow.pl\/en\/za-kulisami-praktyk-erasmus-jak-wygladal-staz-melanii-w-paryzu\/#primaryimage","url":"https:\/\/kariery.uek.krakow.pl\/wp-content\/uploads\/2025\/12\/Projekt-bez-nazwy-2025-12-18T152955.748.png","contentUrl":"https:\/\/kariery.uek.krakow.pl\/wp-content\/uploads\/2025\/12\/Projekt-bez-nazwy-2025-12-18T152955.748.png","width":940,"height":788},{"@type":"BreadcrumbList","@id":"https:\/\/kariery.uek.krakow.pl\/en\/za-kulisami-praktyk-erasmus-jak-wygladal-staz-melanii-w-paryzu\/#breadcrumb","itemListElement":[{"@type":"ListItem","position":1,"name":"Strona g\u0142\u00f3wna","item":"https:\/\/kariery.uek.krakow.pl\/en\/home-page\/"},{"@type":"ListItem","position":2,"name":"Za kulisami praktyk Erasmus+. Jak wygl\u0105da\u0142 sta\u017c Melanii w Pary\u017cu?"}]},{"@type":"WebSite","@id":"https:\/\/kariery.uek.krakow.pl\/en\/#website","url":"https:\/\/kariery.uek.krakow.pl\/en\/","name":"Akademickie Centrum Kariery Uniwersytetu Ekonomicznego w Krakowie","description":"\u0141\u0105czymy Student\u00f3w z Biznesem","publisher":{"@id":"https:\/\/kariery.uek.krakow.pl\/en\/#organization"},"alternateName":"ACK UEK","potentialAction":[{"@type":"SearchAction","target":{"@type":"EntryPoint","urlTemplate":"https:\/\/kariery.uek.krakow.pl\/en\/?s={search_term_string}"},"query-input":{"@type":"PropertyValueSpecification","valueRequired":true,"valueName":"search_term_string"}}],"inLanguage":"en-US"},{"@type":"Organization","@id":"https:\/\/kariery.uek.krakow.pl\/en\/#organization","name":"Akacemickie Centrum Kariery UEK","alternateName":"ACK UEK","url":"https:\/\/kariery.uek.krakow.pl\/en\/","logo":{"@type":"ImageObject","inLanguage":"en-US","@id":"https:\/\/kariery.uek.krakow.pl\/en\/#\/schema\/logo\/image\/","url":"https:\/\/kariery.uek.krakow.pl\/wp-content\/uploads\/2023\/03\/4-zaslpeka.jpg","contentUrl":"https:\/\/kariery.uek.krakow.pl\/wp-content\/uploads\/2023\/03\/4-zaslpeka.jpg","width":800,"height":534,"caption":"Akacemickie Centrum Kariery UEK"},"image":{"@id":"https:\/\/kariery.uek.krakow.pl\/en\/#\/schema\/logo\/image\/"},"sameAs":["https:\/\/www.facebook.com\/AkademickieCentrumKariery","https:\/\/www.instagram.com\/ack_uek\/","https:\/\/www.linkedin.com\/company\/akademickie-centrum-kariery-uek\/"]},{"@type":"Person","@id":"https:\/\/kariery.uek.krakow.pl\/en\/#\/schema\/person\/d063fe9d280cfd29d544dbc31b99608f","name":"Marta Gorczowska"}]}},"_links":{"self":[{"href":"https:\/\/kariery.uek.krakow.pl\/en\/wp-json\/wp\/v2\/posts\/21284","targetHints":{"allow":["GET"]}}],"collection":[{"href":"https:\/\/kariery.uek.krakow.pl\/en\/wp-json\/wp\/v2\/posts"}],"about":[{"href":"https:\/\/kariery.uek.krakow.pl\/en\/wp-json\/wp\/v2\/types\/post"}],"author":[{"embeddable":true,"href":"https:\/\/kariery.uek.krakow.pl\/en\/wp-json\/wp\/v2\/users\/6"}],"replies":[{"embeddable":true,"href":"https:\/\/kariery.uek.krakow.pl\/en\/wp-json\/wp\/v2\/comments?post=21284"}],"version-history":[{"count":8,"href":"https:\/\/kariery.uek.krakow.pl\/en\/wp-json\/wp\/v2\/posts\/21284\/revisions"}],"predecessor-version":[{"id":21298,"href":"https:\/\/kariery.uek.krakow.pl\/en\/wp-json\/wp\/v2\/posts\/21284\/revisions\/21298"}],"wp:featuredmedia":[{"embeddable":true,"href":"https:\/\/kariery.uek.krakow.pl\/en\/wp-json\/wp\/v2\/media\/21290"}],"wp:attachment":[{"href":"https:\/\/kariery.uek.krakow.pl\/en\/wp-json\/wp\/v2\/media?parent=21284"}],"wp:term":[{"taxonomy":"category","embeddable":true,"href":"https:\/\/kariery.uek.krakow.pl\/en\/wp-json\/wp\/v2\/categories?post=21284"},{"taxonomy":"post_tag","embeddable":true,"href":"https:\/\/kariery.uek.krakow.pl\/en\/wp-json\/wp\/v2\/tags?post=21284"}],"curies":[{"name":"wp","href":"https:\/\/api.w.org\/{rel}","templated":true}]}}