{"id":23450,"date":"2026-04-28T13:46:46","date_gmt":"2026-04-28T11:46:46","guid":{"rendered":"https:\/\/kariery.uek.krakow.pl\/?p=23450"},"modified":"2026-04-28T13:46:53","modified_gmt":"2026-04-28T11:46:53","slug":"xviii-edycja-konkursu-o-nagrode-prezesa-nbp-za-najlepsza-prace-magisterska-zakresu-nauk-ekonomicznych","status":"publish","type":"post","link":"https:\/\/kariery.uek.krakow.pl\/en\/xviii-edycja-konkursu-o-nagrode-prezesa-nbp-za-najlepsza-prace-magisterska-zakresu-nauk-ekonomicznych\/","title":{"rendered":"XVIII edycja Konkursu o Nagrod\u0119 Prezesa NBP za najlepsz\u0105 prac\u0119 magistersk\u0105 zakresu nauk ekonomicznych"},"content":{"rendered":"<div class=\"fusion-fullwidth fullwidth-box fusion-builder-row-1 fusion-flex-container has-pattern-background has-mask-background nonhundred-percent-fullwidth non-hundred-percent-height-scrolling\" style=\"--link_color: var(--awb-color5);--awb-border-radius-top-left:0px;--awb-border-radius-top-right:0px;--awb-border-radius-bottom-right:0px;--awb-border-radius-bottom-left:0px;--awb-padding-top:0px;--awb-padding-right:0px;--awb-padding-bottom:0px;--awb-padding-left:0px;--awb-margin-bottom:0px;--awb-flex-wrap:wrap;\" ><div class=\"fusion-builder-row fusion-row fusion-flex-align-items-flex-start fusion-flex-content-wrap\" style=\"max-width:calc( 1400px + 0px );margin-left: calc(-0px \/ 2 );margin-right: calc(-0px \/ 2 );\"><div class=\"fusion-layout-column fusion_builder_column fusion-builder-column-0 fusion_builder_column_1_1 1_1 fusion-flex-column\" style=\"--awb-bg-size:cover;--awb-width-large:100%;--awb-margin-top-large:0px;--awb-spacing-right-large:0px;--awb-margin-bottom-large:0px;--awb-spacing-left-large:0px;--awb-width-medium:100%;--awb-order-medium:0;--awb-spacing-right-medium:0px;--awb-spacing-left-medium:0px;--awb-width-small:100%;--awb-order-small:0;--awb-spacing-right-small:0px;--awb-spacing-left-small:0px;\"><div class=\"fusion-column-wrapper fusion-column-has-shadow fusion-flex-justify-content-flex-start fusion-content-layout-column\"><div class=\"fusion-text fusion-text-1\"><p>Celem konkursu jest <b>zwi\u0119kszanie zainteresowania student\u00f3w polskich uczelni tematyk\u0105 makroekonomii<\/b> (zw\u0142aszcza polityki pieni\u0119\u017cnej i bankowo\u015bci centralnej), stabilno\u015bci systemu finansowego i rozwoju my\u015bli ekonomicznej.<\/p>\n<p>Konkurs skierowany jest do <b>autor\u00f3w prac magisterskich obronionych na uczelniach w Polsce w okresie od 1 stycznia 2025 r. do 31 grudnia 2025 r. <\/b><\/p>\n<p>Dla laureat\u00f3w najlepszych prac magisterskich przewidziane s\u0105 nast\u0119puj\u0105ce nagrody:<\/p>\n<\/div><ul style=\"--awb-line-height:27.2px;--awb-icon-width:27.2px;--awb-icon-height:27.2px;--awb-icon-margin:11.2px;--awb-content-margin:38.4px;\" class=\"fusion-checklist fusion-checklist-1 fusion-checklist-default type-icons\"><li class=\"fusion-li-item\" style=\"\"><span class=\"icon-wrapper circle-no\"><i class=\"fusion-li-icon awb-icon-check\" aria-hidden=\"true\"><\/i><\/span><div class=\"fusion-li-item-content\">\n<p>pierwsza nagroda w wysoko\u015bci <b>15 000 z\u0142<\/b>,<\/p>\n<\/div><\/li><\/ul><ul style=\"--awb-line-height:27.2px;--awb-icon-width:27.2px;--awb-icon-height:27.2px;--awb-icon-margin:11.2px;--awb-content-margin:38.4px;\" class=\"fusion-checklist fusion-checklist-2 fusion-checklist-default type-icons\"><li class=\"fusion-li-item\" style=\"\"><span class=\"icon-wrapper circle-no\"><i class=\"fusion-li-icon awb-icon-check\" aria-hidden=\"true\"><\/i><\/span><div class=\"fusion-li-item-content\">\n<p>druga nagroda w wysoko\u015bci <b>10 000 z\u0142<\/b>,<\/p>\n<\/div><\/li><\/ul><ul style=\"--awb-line-height:27.2px;--awb-icon-width:27.2px;--awb-icon-height:27.2px;--awb-icon-margin:11.2px;--awb-content-margin:38.4px;\" class=\"fusion-checklist fusion-checklist-3 fusion-checklist-default type-icons\"><li class=\"fusion-li-item\" style=\"\"><span class=\"icon-wrapper circle-no\"><i class=\"fusion-li-icon awb-icon-check\" aria-hidden=\"true\"><\/i><\/span><div class=\"fusion-li-item-content\">\n<p>trzecia nagroda w wysoko\u015bci <b>7000 z\u0142<\/b>,<\/p>\n<\/div><\/li><\/ul><ul style=\"--awb-line-height:27.2px;--awb-icon-width:27.2px;--awb-icon-height:27.2px;--awb-icon-margin:11.2px;--awb-content-margin:38.4px;\" class=\"fusion-checklist fusion-checklist-4 fusion-checklist-default type-icons\"><li class=\"fusion-li-item\" style=\"\"><span class=\"icon-wrapper circle-no\"><i class=\"fusion-li-icon awb-icon-check\" aria-hidden=\"true\"><\/i><\/span><div class=\"fusion-li-item-content\">\n<p>dwa wyr\u00f3\u017cnienia po <b>5000 z\u0142<\/b>.<\/p>\n<\/div><\/li><\/ul><div class=\"fusion-text fusion-text-2\"><p>&nbsp;<\/p>\n<p>Prace konkursowe wraz z wymaganymi za\u0142\u0105cznikami nale\u017cy przesy\u0142a\u0107 do <b>15 czerwca 2026 r.<\/b> (do ko\u0144ca dnia) wy\u0142\u0105cznie za po\u015brednictwem <a href=\"https:\/\/konkurs-o-nagrode-prezesa-formularz.nbp.pl\/\" target=\"_blank\" rel=\"noopener noreferrer\"><b>formularza elektronicznego<\/b><\/a>.<\/p>\n<p>Wymagane za\u0142\u0105czniki:<\/p>\n<p>\u2022 kopia dyplomu lub odpisu dyplomu potwierdzaj\u0105cego nadanie tytu\u0142u magistra,<\/p>\n<p>\u2022 kopia suplementu do dyplomu.<\/p>\n<p>Prosimy o<b> przes\u0142anie pracy w wersji elektronicznej w formacie doc, docx lub pdf<\/b>. O ile to mo\u017cliwe, praca powinna by\u0107 zapisana w jednym pliku. Opisy plik\u00f3w powinny zawiera\u0107: <b>imi\u0119 i nazwisko oraz dopisek: \u201epraca mgr\u201d, \u201esuplement\u201d, \u201edyplom\u201d<\/b>.<\/p>\n<p>Regulamin konkursu oraz szczeg\u00f3\u0142owe informacje znajd\u0105 Pa\u0144stwo na stronie: <a href=\"www.nbp.pl\/edukacja\/konkursy\/\" target=\"_blank\" rel=\"noopener noreferrer\"><b>www.nbp.pl\/edukacja\/konkursy\/<\/b><\/a><\/p>\n<\/div><div class=\"fusion-image-element \" style=\"--awb-caption-title-font-family:var(--h2_typography-font-family);--awb-caption-title-font-weight:var(--h2_typography-font-weight);--awb-caption-title-font-style:var(--h2_typography-font-style);--awb-caption-title-size:var(--h2_typography-font-size);--awb-caption-title-transform:var(--h2_typography-text-transform);--awb-caption-title-line-height:var(--h2_typography-line-height);--awb-caption-title-letter-spacing:var(--h2_typography-letter-spacing);\"><span class=\" fusion-imageframe imageframe-none imageframe-1 hover-type-none\"><img decoding=\"async\" width=\"2333\" height=\"1833\" title=\"Baner-1120&#215;880-konkurs-mgr-OF\" src=\"https:\/\/kariery.uek.krakow.pl\/wp-content\/uploads\/2026\/04\/Baner-1120x880-konkurs-mgr-OF.jpg\" alt class=\"img-responsive wp-image-23458\" srcset=\"https:\/\/kariery.uek.krakow.pl\/wp-content\/uploads\/2026\/04\/Baner-1120x880-konkurs-mgr-OF-200x157.jpg 200w, https:\/\/kariery.uek.krakow.pl\/wp-content\/uploads\/2026\/04\/Baner-1120x880-konkurs-mgr-OF-400x314.jpg 400w, https:\/\/kariery.uek.krakow.pl\/wp-content\/uploads\/2026\/04\/Baner-1120x880-konkurs-mgr-OF-600x471.jpg 600w, https:\/\/kariery.uek.krakow.pl\/wp-content\/uploads\/2026\/04\/Baner-1120x880-konkurs-mgr-OF-800x629.jpg 800w, https:\/\/kariery.uek.krakow.pl\/wp-content\/uploads\/2026\/04\/Baner-1120x880-konkurs-mgr-OF-1200x943.jpg 1200w, https:\/\/kariery.uek.krakow.pl\/wp-content\/uploads\/2026\/04\/Baner-1120x880-konkurs-mgr-OF.jpg 2333w\" sizes=\"(max-width: 640px) 100vw, 2333px\" \/><\/span><\/div><\/div><\/div><\/div><\/div>\n","protected":false},"excerpt":{"rendered":"<p>Zapraszamy do udzia\u0142u w XVIII edycji Konkursu o Nagrod\u0119 Prezesa NBP za najlepsz\u0105 prac\u0119 magistersk\u0105 z zakresu nauk ekonomicznych.<\/p>\n","protected":false},"author":6,"featured_media":23458,"comment_status":"closed","ping_status":"open","sticky":false,"template":"","format":"standard","meta":{"_acf_changed":false,"footnotes":""},"categories":[46],"tags":[],"class_list":["post-23450","post","type-post","status-publish","format-standard","has-post-thumbnail","hentry","category-contests"],"acf":[],"yoast_head":"<!-- This site is optimized with the Yoast SEO plugin v27.2 - https:\/\/yoast.com\/product\/yoast-seo-wordpress\/ -->\n<title>XVIII edycja Konkursu o Nagrod\u0119 Prezesa NBP za najlepsz\u0105 prac\u0119 magistersk\u0105 zakresu nauk ekonomicznych - Akademickie Centrum Kariery Uniwersytetu Ekonomicznego w Krakowie<\/title>\n<meta name=\"robots\" content=\"index, follow, max-snippet:-1, max-image-preview:large, max-video-preview:-1\" \/>\n<link rel=\"canonical\" href=\"https:\/\/kariery.uek.krakow.pl\/en\/xviii-edycja-konkursu-o-nagrode-prezesa-nbp-za-najlepsza-prace-magisterska-zakresu-nauk-ekonomicznych\/\" \/>\n<meta property=\"og:locale\" content=\"en_US\" \/>\n<meta property=\"og:type\" content=\"article\" \/>\n<meta property=\"og:title\" content=\"XVIII edycja Konkursu o Nagrod\u0119 Prezesa NBP za najlepsz\u0105 prac\u0119 magistersk\u0105 zakresu nauk ekonomicznych - Akademickie Centrum Kariery Uniwersytetu Ekonomicznego w Krakowie\" \/>\n<meta property=\"og:description\" content=\"Zapraszamy do udzia\u0142u w XVIII edycji Konkursu o Nagrod\u0119 Prezesa NBP za najlepsz\u0105 prac\u0119 magistersk\u0105 z zakresu nauk ekonomicznych.\" \/>\n<meta property=\"og:url\" content=\"https:\/\/kariery.uek.krakow.pl\/en\/xviii-edycja-konkursu-o-nagrode-prezesa-nbp-za-najlepsza-prace-magisterska-zakresu-nauk-ekonomicznych\/\" \/>\n<meta property=\"og:site_name\" content=\"Akademickie Centrum Kariery Uniwersytetu Ekonomicznego w Krakowie\" \/>\n<meta property=\"article:publisher\" content=\"https:\/\/www.facebook.com\/AkademickieCentrumKariery\" \/>\n<meta property=\"article:published_time\" content=\"2026-04-28T11:46:46+00:00\" \/>\n<meta property=\"article:modified_time\" content=\"2026-04-28T11:46:53+00:00\" \/>\n<meta property=\"og:image\" content=\"https:\/\/kariery.uek.krakow.pl\/wp-content\/uploads\/2026\/04\/Baner-1120x880-konkurs-mgr-OF.jpg\" \/>\n\t<meta property=\"og:image:width\" content=\"2333\" \/>\n\t<meta property=\"og:image:height\" content=\"1833\" \/>\n\t<meta property=\"og:image:type\" content=\"image\/jpeg\" \/>\n<meta name=\"author\" content=\"Marta Gorczowska\" \/>\n<meta name=\"twitter:card\" content=\"summary_large_image\" \/>\n<meta name=\"twitter:label1\" content=\"Written by\" \/>\n\t<meta name=\"twitter:data1\" content=\"Marta Gorczowska\" \/>\n\t<meta name=\"twitter:label2\" content=\"Est. reading time\" \/>\n\t<meta name=\"twitter:data2\" content=\"2 minutes\" \/>\n<script type=\"application\/ld+json\" class=\"yoast-schema-graph\">{\"@context\":\"https:\/\/schema.org\",\"@graph\":[{\"@type\":\"Article\",\"@id\":\"https:\/\/kariery.uek.krakow.pl\/en\/xviii-edycja-konkursu-o-nagrode-prezesa-nbp-za-najlepsza-prace-magisterska-zakresu-nauk-ekonomicznych\/#article\",\"isPartOf\":{\"@id\":\"https:\/\/kariery.uek.krakow.pl\/en\/xviii-edycja-konkursu-o-nagrode-prezesa-nbp-za-najlepsza-prace-magisterska-zakresu-nauk-ekonomicznych\/\"},\"author\":{\"name\":\"Marta Gorczowska\",\"@id\":\"https:\/\/kariery.uek.krakow.pl\/en\/#\/schema\/person\/d063fe9d280cfd29d544dbc31b99608f\"},\"headline\":\"XVIII edycja Konkursu o Nagrod\u0119 Prezesa NBP za najlepsz\u0105 prac\u0119 magistersk\u0105 zakresu nauk ekonomicznych\",\"datePublished\":\"2026-04-28T11:46:46+00:00\",\"dateModified\":\"2026-04-28T11:46:53+00:00\",\"mainEntityOfPage\":{\"@id\":\"https:\/\/kariery.uek.krakow.pl\/en\/xviii-edycja-konkursu-o-nagrode-prezesa-nbp-za-najlepsza-prace-magisterska-zakresu-nauk-ekonomicznych\/\"},\"wordCount\":951,\"publisher\":{\"@id\":\"https:\/\/kariery.uek.krakow.pl\/en\/#organization\"},\"image\":{\"@id\":\"https:\/\/kariery.uek.krakow.pl\/en\/xviii-edycja-konkursu-o-nagrode-prezesa-nbp-za-najlepsza-prace-magisterska-zakresu-nauk-ekonomicznych\/#primaryimage\"},\"thumbnailUrl\":\"https:\/\/kariery.uek.krakow.pl\/wp-content\/uploads\/2026\/04\/Baner-1120x880-konkurs-mgr-OF.jpg\",\"articleSection\":[\"Contests\"],\"inLanguage\":\"en-US\"},{\"@type\":\"WebPage\",\"@id\":\"https:\/\/kariery.uek.krakow.pl\/en\/xviii-edycja-konkursu-o-nagrode-prezesa-nbp-za-najlepsza-prace-magisterska-zakresu-nauk-ekonomicznych\/\",\"url\":\"https:\/\/kariery.uek.krakow.pl\/en\/xviii-edycja-konkursu-o-nagrode-prezesa-nbp-za-najlepsza-prace-magisterska-zakresu-nauk-ekonomicznych\/\",\"name\":\"XVIII edycja Konkursu o Nagrod\u0119 Prezesa NBP za najlepsz\u0105 prac\u0119 magistersk\u0105 zakresu nauk ekonomicznych - Akademickie Centrum Kariery Uniwersytetu Ekonomicznego w Krakowie\",\"isPartOf\":{\"@id\":\"https:\/\/kariery.uek.krakow.pl\/en\/#website\"},\"primaryImageOfPage\":{\"@id\":\"https:\/\/kariery.uek.krakow.pl\/en\/xviii-edycja-konkursu-o-nagrode-prezesa-nbp-za-najlepsza-prace-magisterska-zakresu-nauk-ekonomicznych\/#primaryimage\"},\"image\":{\"@id\":\"https:\/\/kariery.uek.krakow.pl\/en\/xviii-edycja-konkursu-o-nagrode-prezesa-nbp-za-najlepsza-prace-magisterska-zakresu-nauk-ekonomicznych\/#primaryimage\"},\"thumbnailUrl\":\"https:\/\/kariery.uek.krakow.pl\/wp-content\/uploads\/2026\/04\/Baner-1120x880-konkurs-mgr-OF.jpg\",\"datePublished\":\"2026-04-28T11:46:46+00:00\",\"dateModified\":\"2026-04-28T11:46:53+00:00\",\"breadcrumb\":{\"@id\":\"https:\/\/kariery.uek.krakow.pl\/en\/xviii-edycja-konkursu-o-nagrode-prezesa-nbp-za-najlepsza-prace-magisterska-zakresu-nauk-ekonomicznych\/#breadcrumb\"},\"inLanguage\":\"en-US\",\"potentialAction\":[{\"@type\":\"ReadAction\",\"target\":[\"https:\/\/kariery.uek.krakow.pl\/en\/xviii-edycja-konkursu-o-nagrode-prezesa-nbp-za-najlepsza-prace-magisterska-zakresu-nauk-ekonomicznych\/\"]}]},{\"@type\":\"ImageObject\",\"inLanguage\":\"en-US\",\"@id\":\"https:\/\/kariery.uek.krakow.pl\/en\/xviii-edycja-konkursu-o-nagrode-prezesa-nbp-za-najlepsza-prace-magisterska-zakresu-nauk-ekonomicznych\/#primaryimage\",\"url\":\"https:\/\/kariery.uek.krakow.pl\/wp-content\/uploads\/2026\/04\/Baner-1120x880-konkurs-mgr-OF.jpg\",\"contentUrl\":\"https:\/\/kariery.uek.krakow.pl\/wp-content\/uploads\/2026\/04\/Baner-1120x880-konkurs-mgr-OF.jpg\",\"width\":2333,\"height\":1833},{\"@type\":\"BreadcrumbList\",\"@id\":\"https:\/\/kariery.uek.krakow.pl\/en\/xviii-edycja-konkursu-o-nagrode-prezesa-nbp-za-najlepsza-prace-magisterska-zakresu-nauk-ekonomicznych\/#breadcrumb\",\"itemListElement\":[{\"@type\":\"ListItem\",\"position\":1,\"name\":\"Strona g\u0142\u00f3wna\",\"item\":\"https:\/\/kariery.uek.krakow.pl\/en\/home-page\/\"},{\"@type\":\"ListItem\",\"position\":2,\"name\":\"XVIII edycja Konkursu o Nagrod\u0119 Prezesa NBP za najlepsz\u0105 prac\u0119 magistersk\u0105 zakresu nauk ekonomicznych\"}]},{\"@type\":\"WebSite\",\"@id\":\"https:\/\/kariery.uek.krakow.pl\/en\/#website\",\"url\":\"https:\/\/kariery.uek.krakow.pl\/en\/\",\"name\":\"Akademickie Centrum Kariery Uniwersytetu Ekonomicznego w Krakowie\",\"description\":\"\u0141\u0105czymy Student\u00f3w z Biznesem\",\"publisher\":{\"@id\":\"https:\/\/kariery.uek.krakow.pl\/en\/#organization\"},\"alternateName\":\"ACK UEK\",\"potentialAction\":[{\"@type\":\"SearchAction\",\"target\":{\"@type\":\"EntryPoint\",\"urlTemplate\":\"https:\/\/kariery.uek.krakow.pl\/en\/?s={search_term_string}\"},\"query-input\":{\"@type\":\"PropertyValueSpecification\",\"valueRequired\":true,\"valueName\":\"search_term_string\"}}],\"inLanguage\":\"en-US\"},{\"@type\":\"Organization\",\"@id\":\"https:\/\/kariery.uek.krakow.pl\/en\/#organization\",\"name\":\"Akacemickie Centrum Kariery UEK\",\"alternateName\":\"ACK UEK\",\"url\":\"https:\/\/kariery.uek.krakow.pl\/en\/\",\"logo\":{\"@type\":\"ImageObject\",\"inLanguage\":\"en-US\",\"@id\":\"https:\/\/kariery.uek.krakow.pl\/en\/#\/schema\/logo\/image\/\",\"url\":\"https:\/\/kariery.uek.krakow.pl\/wp-content\/uploads\/2023\/03\/4-zaslpeka.jpg\",\"contentUrl\":\"https:\/\/kariery.uek.krakow.pl\/wp-content\/uploads\/2023\/03\/4-zaslpeka.jpg\",\"width\":800,\"height\":534,\"caption\":\"Akacemickie Centrum Kariery UEK\"},\"image\":{\"@id\":\"https:\/\/kariery.uek.krakow.pl\/en\/#\/schema\/logo\/image\/\"},\"sameAs\":[\"https:\/\/www.facebook.com\/AkademickieCentrumKariery\",\"https:\/\/www.instagram.com\/ack_uek\/\",\"https:\/\/www.linkedin.com\/company\/akademickie-centrum-kariery-uek\/\"]},{\"@type\":\"Person\",\"@id\":\"https:\/\/kariery.uek.krakow.pl\/en\/#\/schema\/person\/d063fe9d280cfd29d544dbc31b99608f\",\"name\":\"Marta Gorczowska\"}]}<\/script>\n<!-- \/ Yoast SEO plugin. -->","yoast_head_json":{"title":"XVIII edycja Konkursu o Nagrod\u0119 Prezesa NBP za najlepsz\u0105 prac\u0119 magistersk\u0105 zakresu nauk ekonomicznych - Akademickie Centrum Kariery Uniwersytetu Ekonomicznego w Krakowie","robots":{"index":"index","follow":"follow","max-snippet":"max-snippet:-1","max-image-preview":"max-image-preview:large","max-video-preview":"max-video-preview:-1"},"canonical":"https:\/\/kariery.uek.krakow.pl\/en\/xviii-edycja-konkursu-o-nagrode-prezesa-nbp-za-najlepsza-prace-magisterska-zakresu-nauk-ekonomicznych\/","og_locale":"en_US","og_type":"article","og_title":"XVIII edycja Konkursu o Nagrod\u0119 Prezesa NBP za najlepsz\u0105 prac\u0119 magistersk\u0105 zakresu nauk ekonomicznych - Akademickie Centrum Kariery Uniwersytetu Ekonomicznego w Krakowie","og_description":"Zapraszamy do udzia\u0142u w XVIII edycji Konkursu o Nagrod\u0119 Prezesa NBP za najlepsz\u0105 prac\u0119 magistersk\u0105 z zakresu nauk ekonomicznych.","og_url":"https:\/\/kariery.uek.krakow.pl\/en\/xviii-edycja-konkursu-o-nagrode-prezesa-nbp-za-najlepsza-prace-magisterska-zakresu-nauk-ekonomicznych\/","og_site_name":"Akademickie Centrum Kariery Uniwersytetu Ekonomicznego w Krakowie","article_publisher":"https:\/\/www.facebook.com\/AkademickieCentrumKariery","article_published_time":"2026-04-28T11:46:46+00:00","article_modified_time":"2026-04-28T11:46:53+00:00","og_image":[{"width":2333,"height":1833,"url":"https:\/\/kariery.uek.krakow.pl\/wp-content\/uploads\/2026\/04\/Baner-1120x880-konkurs-mgr-OF.jpg","type":"image\/jpeg"}],"author":"Marta Gorczowska","twitter_card":"summary_large_image","twitter_misc":{"Written by":"Marta Gorczowska","Est. reading time":"2 minutes"},"schema":{"@context":"https:\/\/schema.org","@graph":[{"@type":"Article","@id":"https:\/\/kariery.uek.krakow.pl\/en\/xviii-edycja-konkursu-o-nagrode-prezesa-nbp-za-najlepsza-prace-magisterska-zakresu-nauk-ekonomicznych\/#article","isPartOf":{"@id":"https:\/\/kariery.uek.krakow.pl\/en\/xviii-edycja-konkursu-o-nagrode-prezesa-nbp-za-najlepsza-prace-magisterska-zakresu-nauk-ekonomicznych\/"},"author":{"name":"Marta Gorczowska","@id":"https:\/\/kariery.uek.krakow.pl\/en\/#\/schema\/person\/d063fe9d280cfd29d544dbc31b99608f"},"headline":"XVIII edycja Konkursu o Nagrod\u0119 Prezesa NBP za najlepsz\u0105 prac\u0119 magistersk\u0105 zakresu nauk ekonomicznych","datePublished":"2026-04-28T11:46:46+00:00","dateModified":"2026-04-28T11:46:53+00:00","mainEntityOfPage":{"@id":"https:\/\/kariery.uek.krakow.pl\/en\/xviii-edycja-konkursu-o-nagrode-prezesa-nbp-za-najlepsza-prace-magisterska-zakresu-nauk-ekonomicznych\/"},"wordCount":951,"publisher":{"@id":"https:\/\/kariery.uek.krakow.pl\/en\/#organization"},"image":{"@id":"https:\/\/kariery.uek.krakow.pl\/en\/xviii-edycja-konkursu-o-nagrode-prezesa-nbp-za-najlepsza-prace-magisterska-zakresu-nauk-ekonomicznych\/#primaryimage"},"thumbnailUrl":"https:\/\/kariery.uek.krakow.pl\/wp-content\/uploads\/2026\/04\/Baner-1120x880-konkurs-mgr-OF.jpg","articleSection":["Contests"],"inLanguage":"en-US"},{"@type":"WebPage","@id":"https:\/\/kariery.uek.krakow.pl\/en\/xviii-edycja-konkursu-o-nagrode-prezesa-nbp-za-najlepsza-prace-magisterska-zakresu-nauk-ekonomicznych\/","url":"https:\/\/kariery.uek.krakow.pl\/en\/xviii-edycja-konkursu-o-nagrode-prezesa-nbp-za-najlepsza-prace-magisterska-zakresu-nauk-ekonomicznych\/","name":"XVIII edycja Konkursu o Nagrod\u0119 Prezesa NBP za najlepsz\u0105 prac\u0119 magistersk\u0105 zakresu nauk ekonomicznych - Akademickie Centrum Kariery Uniwersytetu Ekonomicznego w Krakowie","isPartOf":{"@id":"https:\/\/kariery.uek.krakow.pl\/en\/#website"},"primaryImageOfPage":{"@id":"https:\/\/kariery.uek.krakow.pl\/en\/xviii-edycja-konkursu-o-nagrode-prezesa-nbp-za-najlepsza-prace-magisterska-zakresu-nauk-ekonomicznych\/#primaryimage"},"image":{"@id":"https:\/\/kariery.uek.krakow.pl\/en\/xviii-edycja-konkursu-o-nagrode-prezesa-nbp-za-najlepsza-prace-magisterska-zakresu-nauk-ekonomicznych\/#primaryimage"},"thumbnailUrl":"https:\/\/kariery.uek.krakow.pl\/wp-content\/uploads\/2026\/04\/Baner-1120x880-konkurs-mgr-OF.jpg","datePublished":"2026-04-28T11:46:46+00:00","dateModified":"2026-04-28T11:46:53+00:00","breadcrumb":{"@id":"https:\/\/kariery.uek.krakow.pl\/en\/xviii-edycja-konkursu-o-nagrode-prezesa-nbp-za-najlepsza-prace-magisterska-zakresu-nauk-ekonomicznych\/#breadcrumb"},"inLanguage":"en-US","potentialAction":[{"@type":"ReadAction","target":["https:\/\/kariery.uek.krakow.pl\/en\/xviii-edycja-konkursu-o-nagrode-prezesa-nbp-za-najlepsza-prace-magisterska-zakresu-nauk-ekonomicznych\/"]}]},{"@type":"ImageObject","inLanguage":"en-US","@id":"https:\/\/kariery.uek.krakow.pl\/en\/xviii-edycja-konkursu-o-nagrode-prezesa-nbp-za-najlepsza-prace-magisterska-zakresu-nauk-ekonomicznych\/#primaryimage","url":"https:\/\/kariery.uek.krakow.pl\/wp-content\/uploads\/2026\/04\/Baner-1120x880-konkurs-mgr-OF.jpg","contentUrl":"https:\/\/kariery.uek.krakow.pl\/wp-content\/uploads\/2026\/04\/Baner-1120x880-konkurs-mgr-OF.jpg","width":2333,"height":1833},{"@type":"BreadcrumbList","@id":"https:\/\/kariery.uek.krakow.pl\/en\/xviii-edycja-konkursu-o-nagrode-prezesa-nbp-za-najlepsza-prace-magisterska-zakresu-nauk-ekonomicznych\/#breadcrumb","itemListElement":[{"@type":"ListItem","position":1,"name":"Strona g\u0142\u00f3wna","item":"https:\/\/kariery.uek.krakow.pl\/en\/home-page\/"},{"@type":"ListItem","position":2,"name":"XVIII edycja Konkursu o Nagrod\u0119 Prezesa NBP za najlepsz\u0105 prac\u0119 magistersk\u0105 zakresu nauk ekonomicznych"}]},{"@type":"WebSite","@id":"https:\/\/kariery.uek.krakow.pl\/en\/#website","url":"https:\/\/kariery.uek.krakow.pl\/en\/","name":"Akademickie Centrum Kariery Uniwersytetu Ekonomicznego w Krakowie","description":"\u0141\u0105czymy Student\u00f3w z Biznesem","publisher":{"@id":"https:\/\/kariery.uek.krakow.pl\/en\/#organization"},"alternateName":"ACK UEK","potentialAction":[{"@type":"SearchAction","target":{"@type":"EntryPoint","urlTemplate":"https:\/\/kariery.uek.krakow.pl\/en\/?s={search_term_string}"},"query-input":{"@type":"PropertyValueSpecification","valueRequired":true,"valueName":"search_term_string"}}],"inLanguage":"en-US"},{"@type":"Organization","@id":"https:\/\/kariery.uek.krakow.pl\/en\/#organization","name":"Akacemickie Centrum Kariery UEK","alternateName":"ACK UEK","url":"https:\/\/kariery.uek.krakow.pl\/en\/","logo":{"@type":"ImageObject","inLanguage":"en-US","@id":"https:\/\/kariery.uek.krakow.pl\/en\/#\/schema\/logo\/image\/","url":"https:\/\/kariery.uek.krakow.pl\/wp-content\/uploads\/2023\/03\/4-zaslpeka.jpg","contentUrl":"https:\/\/kariery.uek.krakow.pl\/wp-content\/uploads\/2023\/03\/4-zaslpeka.jpg","width":800,"height":534,"caption":"Akacemickie Centrum Kariery UEK"},"image":{"@id":"https:\/\/kariery.uek.krakow.pl\/en\/#\/schema\/logo\/image\/"},"sameAs":["https:\/\/www.facebook.com\/AkademickieCentrumKariery","https:\/\/www.instagram.com\/ack_uek\/","https:\/\/www.linkedin.com\/company\/akademickie-centrum-kariery-uek\/"]},{"@type":"Person","@id":"https:\/\/kariery.uek.krakow.pl\/en\/#\/schema\/person\/d063fe9d280cfd29d544dbc31b99608f","name":"Marta Gorczowska"}]}},"_links":{"self":[{"href":"https:\/\/kariery.uek.krakow.pl\/en\/wp-json\/wp\/v2\/posts\/23450","targetHints":{"allow":["GET"]}}],"collection":[{"href":"https:\/\/kariery.uek.krakow.pl\/en\/wp-json\/wp\/v2\/posts"}],"about":[{"href":"https:\/\/kariery.uek.krakow.pl\/en\/wp-json\/wp\/v2\/types\/post"}],"author":[{"embeddable":true,"href":"https:\/\/kariery.uek.krakow.pl\/en\/wp-json\/wp\/v2\/users\/6"}],"replies":[{"embeddable":true,"href":"https:\/\/kariery.uek.krakow.pl\/en\/wp-json\/wp\/v2\/comments?post=23450"}],"version-history":[{"count":7,"href":"https:\/\/kariery.uek.krakow.pl\/en\/wp-json\/wp\/v2\/posts\/23450\/revisions"}],"predecessor-version":[{"id":23464,"href":"https:\/\/kariery.uek.krakow.pl\/en\/wp-json\/wp\/v2\/posts\/23450\/revisions\/23464"}],"wp:featuredmedia":[{"embeddable":true,"href":"https:\/\/kariery.uek.krakow.pl\/en\/wp-json\/wp\/v2\/media\/23458"}],"wp:attachment":[{"href":"https:\/\/kariery.uek.krakow.pl\/en\/wp-json\/wp\/v2\/media?parent=23450"}],"wp:term":[{"taxonomy":"category","embeddable":true,"href":"https:\/\/kariery.uek.krakow.pl\/en\/wp-json\/wp\/v2\/categories?post=23450"},{"taxonomy":"post_tag","embeddable":true,"href":"https:\/\/kariery.uek.krakow.pl\/en\/wp-json\/wp\/v2\/tags?post=23450"}],"curies":[{"name":"wp","href":"https:\/\/api.w.org\/{rel}","templated":true}]}}