{"id":23497,"date":"2026-04-30T12:26:58","date_gmt":"2026-04-30T10:26:58","guid":{"rendered":"https:\/\/kariery.uek.krakow.pl\/?p=23497"},"modified":"2026-04-30T12:26:58","modified_gmt":"2026-04-30T10:26:58","slug":"webinar-rozwijaj-kariere-z-niemieckim-capgemini","status":"publish","type":"post","link":"https:\/\/kariery.uek.krakow.pl\/en\/webinar-rozwijaj-kariere-z-niemieckim-capgemini\/","title":{"rendered":"Webinar: Rozwijaj karier\u0119 z niemieckim &#8211; Capgemini"},"content":{"rendered":"<div class=\"fusion-fullwidth fullwidth-box fusion-builder-row-1 fusion-flex-container has-pattern-background has-mask-background nonhundred-percent-fullwidth non-hundred-percent-height-scrolling\" style=\"--link_color: var(--awb-color5);--awb-border-radius-top-left:0px;--awb-border-radius-top-right:0px;--awb-border-radius-bottom-right:0px;--awb-border-radius-bottom-left:0px;--awb-padding-top:0px;--awb-padding-right:0px;--awb-padding-bottom:0px;--awb-padding-left:0px;--awb-margin-bottom:0px;--awb-flex-wrap:wrap;\" ><div class=\"fusion-builder-row fusion-row fusion-flex-align-items-flex-start fusion-flex-content-wrap\" style=\"max-width:calc( 1400px + 0px );margin-left: calc(-0px \/ 2 );margin-right: calc(-0px \/ 2 );\"><div class=\"fusion-layout-column fusion_builder_column fusion-builder-column-0 fusion_builder_column_1_1 1_1 fusion-flex-column\" style=\"--awb-bg-size:cover;--awb-width-large:100%;--awb-margin-top-large:0px;--awb-spacing-right-large:0px;--awb-margin-bottom-large:0px;--awb-spacing-left-large:0px;--awb-width-medium:100%;--awb-order-medium:0;--awb-spacing-right-medium:0px;--awb-spacing-left-medium:0px;--awb-width-small:100%;--awb-order-small:0;--awb-spacing-right-small:0px;--awb-spacing-left-small:0px;\"><div class=\"fusion-column-wrapper fusion-column-has-shadow fusion-flex-justify-content-flex-start fusion-content-layout-column\"><div class=\"fusion-text fusion-text-1 fusion-text-no-margin\" style=\"--awb-margin-bottom:2vh;\"><p>Zapraszamy na webinar, podczas kt\u00f3rego dowiecie si\u0119, jakie mo\u017cliwo\u015bci rozwoju proponuje <strong>Capgemini<\/strong> dla os\u00f3b, kt\u00f3re pos\u0142uguj\u0105 si\u0119 j\u0119zykiem niemieckim.<\/p>\n<p>Webinar zosta\u0142 zorganizowany z my\u015bl\u0105 o osobach, kt\u00f3re szukaj\u0105 swojej pierwszej pracy, szukaj\u0105 nowych mo\u017cliwo\u015bci rozwoju, chc\u0105 si\u0119 przebran\u017cowi\u0107, lub po prostu chc\u0105 dowiedzie\u0107 si\u0119 czego\u015b wi\u0119cej o mo\u017cliwo\u015bciach, jakie daje Capgemini. Nasi specjali\u015bci szerzej opowiedz\u0105 o samej organizacji, mo\u017cliwo\u015bciach, benefitach, otwartych rekrutacjach, ale r\u00f3wnie\u017c o samym procesie rekrutacji, a tak\u017ce przeka\u017c\u0105 Wam cenne wskaz\u00f3wki, kt\u00f3re rozja\u015bni\u0105 Wam tajemnice proces\u00f3w rekrutacyjnych.<\/p>\n<p><strong>Spotkanie poprowadz\u0105:<\/strong><\/p>\n<p><strong>Anna Zabieg\u0142o<\/strong>\u00a0&#8211; Od 2016 roku pracuje w Capgemini, gdzie rozwija swoj\u0105 \u015bcie\u017ck\u0119 zawodow\u0105 w obszarze rekrutacji. Jako Associate Talent Acquisition Business Partner prowadzi procesy rekrutacyjne w obszarach finans\u00f3w, zakup\u00f3w i logistyki, a w ostatnim czasie r\u00f3wnie\u017c w sektorze IT, poszukuj\u0105c talent\u00f3w j\u0119zykowych.<\/p>\n<p><strong>Patrycja Tuzimek<\/strong>\u00a0&#8211; od ponad 2 lat zwi\u0105zana z Capgemini &#8211; jest psychologiem z wykszta\u0142cenia oraz specjalistk\u0105 HR z ponad 4-letnim do\u015bwiadczeniem. Karier\u0119 rozpocz\u0119\u0142a jako HR Process Specialist, wspieraj\u0105c klienta z rynku UK. Obecnie pracuje jako Talent Acquisition Business Partner w zespole Early Careers, prowadz\u0105c rekrutacje sta\u017cowe i juniorskie w obszarach m.in. IT, Tech, Data, AI oraz Project Management, dbaj\u0105c o candidate experience oraz people-first approach oparte na empatii, partnerstwie i realnym zrozumieniu potrzeb kandydat\u00f3w oraz biznesu.<\/p>\n<\/div><div ><a class=\"fusion-button button-flat fusion-button-default-size button-default fusion-button-default button-1 fusion-button-default-span fusion-button-default-type\" target=\"_self\" href=\"https:\/\/join.capgemini.com\/us\/en\/leadpage?formId=jds3g3lb6966e40nscuhqi7ljn&amp;eventScheduleId=69f258a65b203f7d8995b1b0\"><span class=\"fusion-button-text awb-button__text awb-button__text--default\">Zapisz si\u0119 teraz!<\/span><\/a><\/div><\/div><\/div><\/div><\/div>\n","protected":false},"excerpt":{"rendered":"<p>12.05, godz. 15:00 (online) \u2013 Krak\u00f3w, Katowice, Opole.<\/p>\n","protected":false},"author":7,"featured_media":21823,"comment_status":"closed","ping_status":"open","sticky":false,"template":"","format":"standard","meta":{"_acf_changed":false,"footnotes":""},"categories":[47,49,50],"tags":[],"class_list":["post-23497","post","type-post","status-publish","format-standard","has-post-thumbnail","hentry","category-job-internships","category-trainings","category-webinars"],"acf":[],"yoast_head":"<!-- This site is optimized with the Yoast SEO plugin v27.2 - https:\/\/yoast.com\/product\/yoast-seo-wordpress\/ -->\n<title>Webinar: Rozwijaj karier\u0119 z niemieckim - Capgemini - Akademickie Centrum Kariery Uniwersytetu Ekonomicznego w Krakowie<\/title>\n<meta name=\"robots\" content=\"index, follow, max-snippet:-1, max-image-preview:large, max-video-preview:-1\" \/>\n<link rel=\"canonical\" href=\"https:\/\/kariery.uek.krakow.pl\/en\/webinar-rozwijaj-kariere-z-niemieckim-capgemini\/\" \/>\n<meta property=\"og:locale\" content=\"en_US\" \/>\n<meta property=\"og:type\" content=\"article\" \/>\n<meta property=\"og:title\" content=\"Webinar: Rozwijaj karier\u0119 z niemieckim - Capgemini - Akademickie Centrum Kariery Uniwersytetu Ekonomicznego w Krakowie\" \/>\n<meta property=\"og:description\" content=\"12.05, godz. 15:00 (online) \u2013 Krak\u00f3w, Katowice, Opole.\" \/>\n<meta property=\"og:url\" content=\"https:\/\/kariery.uek.krakow.pl\/en\/webinar-rozwijaj-kariere-z-niemieckim-capgemini\/\" \/>\n<meta property=\"og:site_name\" content=\"Akademickie Centrum Kariery Uniwersytetu Ekonomicznego w Krakowie\" \/>\n<meta property=\"article:publisher\" content=\"https:\/\/www.facebook.com\/AkademickieCentrumKariery\" \/>\n<meta property=\"article:published_time\" content=\"2026-04-30T10:26:58+00:00\" \/>\n<meta property=\"og:image\" content=\"https:\/\/kariery.uek.krakow.pl\/wp-content\/uploads\/2026\/02\/Capgemini-logo-600-400px.png\" \/>\n\t<meta property=\"og:image:width\" content=\"600\" \/>\n\t<meta property=\"og:image:height\" content=\"400\" \/>\n\t<meta property=\"og:image:type\" content=\"image\/png\" \/>\n<meta name=\"author\" content=\"Joanna Pietrucha\" \/>\n<meta name=\"twitter:card\" content=\"summary_large_image\" \/>\n<meta name=\"twitter:label1\" content=\"Written by\" \/>\n\t<meta name=\"twitter:data1\" content=\"Joanna Pietrucha\" \/>\n\t<meta name=\"twitter:label2\" content=\"Est. reading time\" \/>\n\t<meta name=\"twitter:data2\" content=\"2 minutes\" \/>\n<script type=\"application\/ld+json\" class=\"yoast-schema-graph\">{\"@context\":\"https:\/\/schema.org\",\"@graph\":[{\"@type\":\"Article\",\"@id\":\"https:\/\/kariery.uek.krakow.pl\/en\/webinar-rozwijaj-kariere-z-niemieckim-capgemini\/#article\",\"isPartOf\":{\"@id\":\"https:\/\/kariery.uek.krakow.pl\/en\/webinar-rozwijaj-kariere-z-niemieckim-capgemini\/\"},\"author\":{\"name\":\"Joanna Pietrucha\",\"@id\":\"https:\/\/kariery.uek.krakow.pl\/en\/#\/schema\/person\/a8498ae8e79db9f897b78432f7005fca\"},\"headline\":\"Webinar: Rozwijaj karier\u0119 z niemieckim &#8211; Capgemini\",\"datePublished\":\"2026-04-30T10:26:58+00:00\",\"mainEntityOfPage\":{\"@id\":\"https:\/\/kariery.uek.krakow.pl\/en\/webinar-rozwijaj-kariere-z-niemieckim-capgemini\/\"},\"wordCount\":817,\"publisher\":{\"@id\":\"https:\/\/kariery.uek.krakow.pl\/en\/#organization\"},\"image\":{\"@id\":\"https:\/\/kariery.uek.krakow.pl\/en\/webinar-rozwijaj-kariere-z-niemieckim-capgemini\/#primaryimage\"},\"thumbnailUrl\":\"https:\/\/kariery.uek.krakow.pl\/wp-content\/uploads\/2026\/02\/Capgemini-logo-600-400px.png\",\"articleSection\":[\"job, internships\",\"Trainings\",\"Webinars\"],\"inLanguage\":\"en-US\"},{\"@type\":\"WebPage\",\"@id\":\"https:\/\/kariery.uek.krakow.pl\/en\/webinar-rozwijaj-kariere-z-niemieckim-capgemini\/\",\"url\":\"https:\/\/kariery.uek.krakow.pl\/en\/webinar-rozwijaj-kariere-z-niemieckim-capgemini\/\",\"name\":\"Webinar: Rozwijaj karier\u0119 z niemieckim - Capgemini - Akademickie Centrum Kariery Uniwersytetu Ekonomicznego w Krakowie\",\"isPartOf\":{\"@id\":\"https:\/\/kariery.uek.krakow.pl\/en\/#website\"},\"primaryImageOfPage\":{\"@id\":\"https:\/\/kariery.uek.krakow.pl\/en\/webinar-rozwijaj-kariere-z-niemieckim-capgemini\/#primaryimage\"},\"image\":{\"@id\":\"https:\/\/kariery.uek.krakow.pl\/en\/webinar-rozwijaj-kariere-z-niemieckim-capgemini\/#primaryimage\"},\"thumbnailUrl\":\"https:\/\/kariery.uek.krakow.pl\/wp-content\/uploads\/2026\/02\/Capgemini-logo-600-400px.png\",\"datePublished\":\"2026-04-30T10:26:58+00:00\",\"breadcrumb\":{\"@id\":\"https:\/\/kariery.uek.krakow.pl\/en\/webinar-rozwijaj-kariere-z-niemieckim-capgemini\/#breadcrumb\"},\"inLanguage\":\"en-US\",\"potentialAction\":[{\"@type\":\"ReadAction\",\"target\":[\"https:\/\/kariery.uek.krakow.pl\/en\/webinar-rozwijaj-kariere-z-niemieckim-capgemini\/\"]}]},{\"@type\":\"ImageObject\",\"inLanguage\":\"en-US\",\"@id\":\"https:\/\/kariery.uek.krakow.pl\/en\/webinar-rozwijaj-kariere-z-niemieckim-capgemini\/#primaryimage\",\"url\":\"https:\/\/kariery.uek.krakow.pl\/wp-content\/uploads\/2026\/02\/Capgemini-logo-600-400px.png\",\"contentUrl\":\"https:\/\/kariery.uek.krakow.pl\/wp-content\/uploads\/2026\/02\/Capgemini-logo-600-400px.png\",\"width\":600,\"height\":400},{\"@type\":\"BreadcrumbList\",\"@id\":\"https:\/\/kariery.uek.krakow.pl\/en\/webinar-rozwijaj-kariere-z-niemieckim-capgemini\/#breadcrumb\",\"itemListElement\":[{\"@type\":\"ListItem\",\"position\":1,\"name\":\"Strona g\u0142\u00f3wna\",\"item\":\"https:\/\/kariery.uek.krakow.pl\/en\/home-page\/\"},{\"@type\":\"ListItem\",\"position\":2,\"name\":\"Webinar: Rozwijaj karier\u0119 z niemieckim &#8211; Capgemini\"}]},{\"@type\":\"WebSite\",\"@id\":\"https:\/\/kariery.uek.krakow.pl\/en\/#website\",\"url\":\"https:\/\/kariery.uek.krakow.pl\/en\/\",\"name\":\"Akademickie Centrum Kariery Uniwersytetu Ekonomicznego w Krakowie\",\"description\":\"\u0141\u0105czymy Student\u00f3w z Biznesem\",\"publisher\":{\"@id\":\"https:\/\/kariery.uek.krakow.pl\/en\/#organization\"},\"alternateName\":\"ACK UEK\",\"potentialAction\":[{\"@type\":\"SearchAction\",\"target\":{\"@type\":\"EntryPoint\",\"urlTemplate\":\"https:\/\/kariery.uek.krakow.pl\/en\/?s={search_term_string}\"},\"query-input\":{\"@type\":\"PropertyValueSpecification\",\"valueRequired\":true,\"valueName\":\"search_term_string\"}}],\"inLanguage\":\"en-US\"},{\"@type\":\"Organization\",\"@id\":\"https:\/\/kariery.uek.krakow.pl\/en\/#organization\",\"name\":\"Akacemickie Centrum Kariery UEK\",\"alternateName\":\"ACK UEK\",\"url\":\"https:\/\/kariery.uek.krakow.pl\/en\/\",\"logo\":{\"@type\":\"ImageObject\",\"inLanguage\":\"en-US\",\"@id\":\"https:\/\/kariery.uek.krakow.pl\/en\/#\/schema\/logo\/image\/\",\"url\":\"https:\/\/kariery.uek.krakow.pl\/wp-content\/uploads\/2023\/03\/4-zaslpeka.jpg\",\"contentUrl\":\"https:\/\/kariery.uek.krakow.pl\/wp-content\/uploads\/2023\/03\/4-zaslpeka.jpg\",\"width\":800,\"height\":534,\"caption\":\"Akacemickie Centrum Kariery UEK\"},\"image\":{\"@id\":\"https:\/\/kariery.uek.krakow.pl\/en\/#\/schema\/logo\/image\/\"},\"sameAs\":[\"https:\/\/www.facebook.com\/AkademickieCentrumKariery\",\"https:\/\/www.instagram.com\/ack_uek\/\",\"https:\/\/www.linkedin.com\/company\/akademickie-centrum-kariery-uek\/\"]},{\"@type\":\"Person\",\"@id\":\"https:\/\/kariery.uek.krakow.pl\/en\/#\/schema\/person\/a8498ae8e79db9f897b78432f7005fca\",\"name\":\"Joanna Pietrucha\"}]}<\/script>\n<!-- \/ Yoast SEO plugin. -->","yoast_head_json":{"title":"Webinar: Rozwijaj karier\u0119 z niemieckim - Capgemini - Akademickie Centrum Kariery Uniwersytetu Ekonomicznego w Krakowie","robots":{"index":"index","follow":"follow","max-snippet":"max-snippet:-1","max-image-preview":"max-image-preview:large","max-video-preview":"max-video-preview:-1"},"canonical":"https:\/\/kariery.uek.krakow.pl\/en\/webinar-rozwijaj-kariere-z-niemieckim-capgemini\/","og_locale":"en_US","og_type":"article","og_title":"Webinar: Rozwijaj karier\u0119 z niemieckim - Capgemini - Akademickie Centrum Kariery Uniwersytetu Ekonomicznego w Krakowie","og_description":"12.05, godz. 15:00 (online) \u2013 Krak\u00f3w, Katowice, Opole.","og_url":"https:\/\/kariery.uek.krakow.pl\/en\/webinar-rozwijaj-kariere-z-niemieckim-capgemini\/","og_site_name":"Akademickie Centrum Kariery Uniwersytetu Ekonomicznego w Krakowie","article_publisher":"https:\/\/www.facebook.com\/AkademickieCentrumKariery","article_published_time":"2026-04-30T10:26:58+00:00","og_image":[{"width":600,"height":400,"url":"https:\/\/kariery.uek.krakow.pl\/wp-content\/uploads\/2026\/02\/Capgemini-logo-600-400px.png","type":"image\/png"}],"author":"Joanna Pietrucha","twitter_card":"summary_large_image","twitter_misc":{"Written by":"Joanna Pietrucha","Est. reading time":"2 minutes"},"schema":{"@context":"https:\/\/schema.org","@graph":[{"@type":"Article","@id":"https:\/\/kariery.uek.krakow.pl\/en\/webinar-rozwijaj-kariere-z-niemieckim-capgemini\/#article","isPartOf":{"@id":"https:\/\/kariery.uek.krakow.pl\/en\/webinar-rozwijaj-kariere-z-niemieckim-capgemini\/"},"author":{"name":"Joanna Pietrucha","@id":"https:\/\/kariery.uek.krakow.pl\/en\/#\/schema\/person\/a8498ae8e79db9f897b78432f7005fca"},"headline":"Webinar: Rozwijaj karier\u0119 z niemieckim &#8211; Capgemini","datePublished":"2026-04-30T10:26:58+00:00","mainEntityOfPage":{"@id":"https:\/\/kariery.uek.krakow.pl\/en\/webinar-rozwijaj-kariere-z-niemieckim-capgemini\/"},"wordCount":817,"publisher":{"@id":"https:\/\/kariery.uek.krakow.pl\/en\/#organization"},"image":{"@id":"https:\/\/kariery.uek.krakow.pl\/en\/webinar-rozwijaj-kariere-z-niemieckim-capgemini\/#primaryimage"},"thumbnailUrl":"https:\/\/kariery.uek.krakow.pl\/wp-content\/uploads\/2026\/02\/Capgemini-logo-600-400px.png","articleSection":["job, internships","Trainings","Webinars"],"inLanguage":"en-US"},{"@type":"WebPage","@id":"https:\/\/kariery.uek.krakow.pl\/en\/webinar-rozwijaj-kariere-z-niemieckim-capgemini\/","url":"https:\/\/kariery.uek.krakow.pl\/en\/webinar-rozwijaj-kariere-z-niemieckim-capgemini\/","name":"Webinar: Rozwijaj karier\u0119 z niemieckim - Capgemini - Akademickie Centrum Kariery Uniwersytetu Ekonomicznego w Krakowie","isPartOf":{"@id":"https:\/\/kariery.uek.krakow.pl\/en\/#website"},"primaryImageOfPage":{"@id":"https:\/\/kariery.uek.krakow.pl\/en\/webinar-rozwijaj-kariere-z-niemieckim-capgemini\/#primaryimage"},"image":{"@id":"https:\/\/kariery.uek.krakow.pl\/en\/webinar-rozwijaj-kariere-z-niemieckim-capgemini\/#primaryimage"},"thumbnailUrl":"https:\/\/kariery.uek.krakow.pl\/wp-content\/uploads\/2026\/02\/Capgemini-logo-600-400px.png","datePublished":"2026-04-30T10:26:58+00:00","breadcrumb":{"@id":"https:\/\/kariery.uek.krakow.pl\/en\/webinar-rozwijaj-kariere-z-niemieckim-capgemini\/#breadcrumb"},"inLanguage":"en-US","potentialAction":[{"@type":"ReadAction","target":["https:\/\/kariery.uek.krakow.pl\/en\/webinar-rozwijaj-kariere-z-niemieckim-capgemini\/"]}]},{"@type":"ImageObject","inLanguage":"en-US","@id":"https:\/\/kariery.uek.krakow.pl\/en\/webinar-rozwijaj-kariere-z-niemieckim-capgemini\/#primaryimage","url":"https:\/\/kariery.uek.krakow.pl\/wp-content\/uploads\/2026\/02\/Capgemini-logo-600-400px.png","contentUrl":"https:\/\/kariery.uek.krakow.pl\/wp-content\/uploads\/2026\/02\/Capgemini-logo-600-400px.png","width":600,"height":400},{"@type":"BreadcrumbList","@id":"https:\/\/kariery.uek.krakow.pl\/en\/webinar-rozwijaj-kariere-z-niemieckim-capgemini\/#breadcrumb","itemListElement":[{"@type":"ListItem","position":1,"name":"Strona g\u0142\u00f3wna","item":"https:\/\/kariery.uek.krakow.pl\/en\/home-page\/"},{"@type":"ListItem","position":2,"name":"Webinar: Rozwijaj karier\u0119 z niemieckim &#8211; Capgemini"}]},{"@type":"WebSite","@id":"https:\/\/kariery.uek.krakow.pl\/en\/#website","url":"https:\/\/kariery.uek.krakow.pl\/en\/","name":"Akademickie Centrum Kariery Uniwersytetu Ekonomicznego w Krakowie","description":"\u0141\u0105czymy Student\u00f3w z Biznesem","publisher":{"@id":"https:\/\/kariery.uek.krakow.pl\/en\/#organization"},"alternateName":"ACK UEK","potentialAction":[{"@type":"SearchAction","target":{"@type":"EntryPoint","urlTemplate":"https:\/\/kariery.uek.krakow.pl\/en\/?s={search_term_string}"},"query-input":{"@type":"PropertyValueSpecification","valueRequired":true,"valueName":"search_term_string"}}],"inLanguage":"en-US"},{"@type":"Organization","@id":"https:\/\/kariery.uek.krakow.pl\/en\/#organization","name":"Akacemickie Centrum Kariery UEK","alternateName":"ACK UEK","url":"https:\/\/kariery.uek.krakow.pl\/en\/","logo":{"@type":"ImageObject","inLanguage":"en-US","@id":"https:\/\/kariery.uek.krakow.pl\/en\/#\/schema\/logo\/image\/","url":"https:\/\/kariery.uek.krakow.pl\/wp-content\/uploads\/2023\/03\/4-zaslpeka.jpg","contentUrl":"https:\/\/kariery.uek.krakow.pl\/wp-content\/uploads\/2023\/03\/4-zaslpeka.jpg","width":800,"height":534,"caption":"Akacemickie Centrum Kariery UEK"},"image":{"@id":"https:\/\/kariery.uek.krakow.pl\/en\/#\/schema\/logo\/image\/"},"sameAs":["https:\/\/www.facebook.com\/AkademickieCentrumKariery","https:\/\/www.instagram.com\/ack_uek\/","https:\/\/www.linkedin.com\/company\/akademickie-centrum-kariery-uek\/"]},{"@type":"Person","@id":"https:\/\/kariery.uek.krakow.pl\/en\/#\/schema\/person\/a8498ae8e79db9f897b78432f7005fca","name":"Joanna Pietrucha"}]}},"_links":{"self":[{"href":"https:\/\/kariery.uek.krakow.pl\/en\/wp-json\/wp\/v2\/posts\/23497","targetHints":{"allow":["GET"]}}],"collection":[{"href":"https:\/\/kariery.uek.krakow.pl\/en\/wp-json\/wp\/v2\/posts"}],"about":[{"href":"https:\/\/kariery.uek.krakow.pl\/en\/wp-json\/wp\/v2\/types\/post"}],"author":[{"embeddable":true,"href":"https:\/\/kariery.uek.krakow.pl\/en\/wp-json\/wp\/v2\/users\/7"}],"replies":[{"embeddable":true,"href":"https:\/\/kariery.uek.krakow.pl\/en\/wp-json\/wp\/v2\/comments?post=23497"}],"version-history":[{"count":1,"href":"https:\/\/kariery.uek.krakow.pl\/en\/wp-json\/wp\/v2\/posts\/23497\/revisions"}],"predecessor-version":[{"id":23498,"href":"https:\/\/kariery.uek.krakow.pl\/en\/wp-json\/wp\/v2\/posts\/23497\/revisions\/23498"}],"wp:featuredmedia":[{"embeddable":true,"href":"https:\/\/kariery.uek.krakow.pl\/en\/wp-json\/wp\/v2\/media\/21823"}],"wp:attachment":[{"href":"https:\/\/kariery.uek.krakow.pl\/en\/wp-json\/wp\/v2\/media?parent=23497"}],"wp:term":[{"taxonomy":"category","embeddable":true,"href":"https:\/\/kariery.uek.krakow.pl\/en\/wp-json\/wp\/v2\/categories?post=23497"},{"taxonomy":"post_tag","embeddable":true,"href":"https:\/\/kariery.uek.krakow.pl\/en\/wp-json\/wp\/v2\/tags?post=23497"}],"curies":[{"name":"wp","href":"https:\/\/api.w.org\/{rel}","templated":true}]}}