{"id":25344,"date":"2026-09-03T14:01:34","date_gmt":"2026-09-03T12:01:34","guid":{"rendered":"https:\/\/kariery.uek.krakow.pl\/zglos-sie-juz-dzis-na-zimowy-women-in-tech-camp-2026%e2%9d%84%ef%b8%8f-i-przezyj-niesamowita-przygode\/"},"modified":"2026-09-03T14:02:10","modified_gmt":"2026-09-03T12:02:10","slug":"zglos-sie-juz-dzis-na-zimowy-women-in-tech-camp-2026%e2%9d%84%ef%b8%8f-i-przezyj-niesamowita-przygode","status":"publish","type":"post","link":"https:\/\/kariery.uek.krakow.pl\/en\/zglos-sie-juz-dzis-na-zimowy-women-in-tech-camp-2026%e2%9d%84%ef%b8%8f-i-przezyj-niesamowita-przygode\/","title":{"rendered":"Zg\u0142o\u015b si\u0119 ju\u017c dzi\u015b na zimowy Women in Tech Camp 2026\u2744\ufe0f i prze\u017cyj niesamowit\u0105 przygod\u0119!"},"content":{"rendered":"<div class=\"fusion-fullwidth fullwidth-box fusion-builder-row-1 fusion-flex-container has-pattern-background has-mask-background nonhundred-percent-fullwidth non-hundred-percent-height-scrolling\" style=\"--link_color: var(--awb-color5);--awb-border-radius-top-left:0px;--awb-border-radius-top-right:0px;--awb-border-radius-bottom-right:0px;--awb-border-radius-bottom-left:0px;--awb-padding-top:0px;--awb-padding-right:0px;--awb-padding-bottom:0px;--awb-padding-left:0px;--awb-margin-bottom:0px;--awb-flex-wrap:wrap;\" ><div class=\"fusion-builder-row fusion-row fusion-flex-align-items-flex-start fusion-flex-content-wrap\" style=\"max-width:calc( 1400px + 0px );margin-left: calc(-0px \/ 2 );margin-right: calc(-0px \/ 2 );\"><div class=\"fusion-layout-column fusion_builder_column fusion-builder-column-0 fusion_builder_column_1_1 1_1 fusion-flex-column\" style=\"--awb-bg-size:cover;--awb-width-large:100%;--awb-margin-top-large:0px;--awb-spacing-right-large:0px;--awb-margin-bottom-large:0px;--awb-spacing-left-large:0px;--awb-width-medium:100%;--awb-order-medium:0;--awb-spacing-right-medium:0px;--awb-spacing-left-medium:0px;--awb-width-small:100%;--awb-order-small:0;--awb-spacing-right-small:0px;--awb-spacing-left-small:0px;\"><div class=\"fusion-column-wrapper fusion-column-has-shadow fusion-flex-justify-content-flex-start fusion-content-layout-column\"><div class=\"fusion-text fusion-text-1\"><p><strong>Women in Tech Camp<\/strong> to wyj\u0105tkowe wydarzenie skierowane do najzdolniejszych studentek kierunk\u00f3w informatycznych, technicznych i STEM z polskich uczelni. W 2026 roku odb\u0119dzie si\u0119 ju\u017c <strong>10. edycja Campu<\/strong> \u2013 wydarzenia, kt\u00f3re od lat tworzy przestrze\u0144 do rozwoju kompetencji, zdobywania wiedzy, networkingu oraz planowania kariery w bran\u017cy technologicznej.<\/p>\n<p>Dla uczestniczek to niezwyk\u0142a okazja do:<\/p>\n<ul>\n<li>zdobycia nowych kompetencji technologicznych i poznania najnowszych trend\u00f3w,<\/li>\n<li>udzia\u0142u w warsztatach prowadzonych przez ekspertki i ekspert\u00f3w z bran\u017cy,<\/li>\n<li>spotkania inspiruj\u0105cych mentorek i mentor\u00f3w,<\/li>\n<li>rozwijania kompetencji potrzebnych na rynku pracy,<\/li>\n<li>poznania innych ambitnych kobiet zainteresowanych technologi\u0105,<\/li>\n<li>zbudowania warto\u015bciowego networku i relacji, kt\u00f3re mog\u0105 wspiera\u0107 ich dalszy rozw\u00f3j zawodowy.<\/li>\n<\/ul>\n<p><strong>Do aplikowania na Women in Tech Camp zapraszamy dziewczyny, kt\u00f3re chc\u0105 rozwija\u0107 swoje kompetencje i wsp\u00f3\u0142tworzy\u0107 przysz\u0142o\u015b\u0107 nowych technologii! <\/strong><strong>\ud83d\ude0a<\/strong><\/p>\n<p>Women in Tech Camp 2026 odb\u0119dzie si\u0119 w dniach <strong>1\u20134 grudnia 2026 r. w Bukowinie Tatrza\u0144skiej<\/strong>.<\/p>\n<p><strong>Udzia\u0142 w Campie jest bezp\u0142atny.<\/strong><\/p>\n<p><strong>Link do formularza zg\u0142oszeniowego:<\/strong><br \/>\n<a href=\"https:\/\/forms.gle\/yTzqitf68DTyRQEN6\">https:\/\/forms.gle\/yTzqitf68DTyRQEN6<\/a><\/p>\n<p><strong>Wi\u0119cej informacji o programie:<\/strong><\/p>\n<p><a href=\"https:\/\/www.itforshe.pl\/pl#tech-camp\">https:\/\/www.itforshe.pl\/pl#tech-camp<\/a><\/p>\n<\/div><div class=\"fusion-image-element\" style=\"--awb-caption-title-font-family:var(--h2_typography-font-family);--awb-caption-title-font-weight:var(--h2_typography-font-weight);--awb-caption-title-font-style:var(--h2_typography-font-style);--awb-caption-title-size:var(--h2_typography-font-size);--awb-caption-title-transform:var(--h2_typography-text-transform);--awb-caption-title-line-height:var(--h2_typography-line-height);--awb-caption-title-letter-spacing:var(--h2_typography-letter-spacing);\"><span class=\" fusion-imageframe imageframe-none imageframe-1 hover-type-none\"><img decoding=\"async\" width=\"2048\" height=\"2560\" title=\"women_in_tech\" src=\"https:\/\/kariery.uek.krakow.pl\/wp-content\/uploads\/2026\/09\/women_in_tech-scaled.png\" alt class=\"img-responsive wp-image-25340\" srcset=\"https:\/\/kariery.uek.krakow.pl\/wp-content\/uploads\/2026\/09\/women_in_tech-200x250.png 200w, https:\/\/kariery.uek.krakow.pl\/wp-content\/uploads\/2026\/09\/women_in_tech-400x500.png 400w, https:\/\/kariery.uek.krakow.pl\/wp-content\/uploads\/2026\/09\/women_in_tech-600x750.png 600w, https:\/\/kariery.uek.krakow.pl\/wp-content\/uploads\/2026\/09\/women_in_tech-800x1000.png 800w, https:\/\/kariery.uek.krakow.pl\/wp-content\/uploads\/2026\/09\/women_in_tech-1200x1500.png 1200w, https:\/\/kariery.uek.krakow.pl\/wp-content\/uploads\/2026\/09\/women_in_tech-scaled.png 2048w\" sizes=\"(max-width: 640px) 100vw, 2048px\" \/><\/span><\/div><\/div><\/div><\/div><\/div>\n","protected":false},"excerpt":{"rendered":"<p>Women in Tech Camp to wyj\u0105tkowe wydarzenie skierowane do najzdolniejszych studentek kierunk\u00f3w informatycznych, technicznych i STEM z polskich uczelni. W 2026 roku odb\u0119dzie si\u0119 ju\u017c 10. edycja Campu \u2013 wydarzenia, kt\u00f3re od lat tworzy przestrze\u0144 do rozwoju kompetencji, zdobywania wiedzy, networkingu oraz planowania kariery w bran\u017cy technologicznej.<\/p>\n","protected":false},"author":4,"featured_media":25340,"comment_status":"closed","ping_status":"open","sticky":false,"template":"","format":"standard","meta":{"_acf_changed":false,"footnotes":""},"categories":[46,56],"tags":[],"class_list":["post-25344","post","type-post","status-publish","format-standard","has-post-thumbnail","hentry","category-contests","category-projects"],"acf":[],"yoast_head":"<!-- This site is optimized with the Yoast SEO plugin v28.3 - https:\/\/yoast.com\/product\/yoast-seo-wordpress\/ -->\n<title>Zg\u0142o\u015b si\u0119 ju\u017c dzi\u015b na zimowy Women in Tech Camp 2026\u2744\ufe0f i prze\u017cyj niesamowit\u0105 przygod\u0119! - Akademickie Centrum Kariery Uniwersytetu Ekonomicznego w Krakowie<\/title>\n<meta name=\"robots\" content=\"index, follow, max-snippet:-1, max-image-preview:large, max-video-preview:-1\" \/>\n<link rel=\"canonical\" href=\"https:\/\/kariery.uek.krakow.pl\/en\/zglos-sie-juz-dzis-na-zimowy-women-in-tech-camp-2026%e2%9d%84%ef%b8%8f-i-przezyj-niesamowita-przygode\/\" \/>\n<meta property=\"og:locale\" content=\"en_US\" \/>\n<meta property=\"og:type\" content=\"article\" \/>\n<meta property=\"og:title\" content=\"Zg\u0142o\u015b si\u0119 ju\u017c dzi\u015b na zimowy Women in Tech Camp 2026\u2744\ufe0f i prze\u017cyj niesamowit\u0105 przygod\u0119! - Akademickie Centrum Kariery Uniwersytetu Ekonomicznego w Krakowie\" \/>\n<meta property=\"og:description\" content=\"Women in Tech Camp to wyj\u0105tkowe wydarzenie skierowane do najzdolniejszych studentek kierunk\u00f3w informatycznych, technicznych i STEM z polskich uczelni. W 2026 roku odb\u0119dzie si\u0119 ju\u017c 10. edycja Campu \u2013 wydarzenia, kt\u00f3re od lat tworzy przestrze\u0144 do rozwoju kompetencji, zdobywania wiedzy, networkingu oraz planowania kariery w bran\u017cy technologicznej.\" \/>\n<meta property=\"og:url\" content=\"https:\/\/kariery.uek.krakow.pl\/en\/zglos-sie-juz-dzis-na-zimowy-women-in-tech-camp-2026%e2%9d%84%ef%b8%8f-i-przezyj-niesamowita-przygode\/\" \/>\n<meta property=\"og:site_name\" content=\"Akademickie Centrum Kariery Uniwersytetu Ekonomicznego w Krakowie\" \/>\n<meta property=\"article:publisher\" content=\"https:\/\/www.facebook.com\/AkademickieCentrumKariery\" \/>\n<meta property=\"article:published_time\" content=\"2026-09-03T12:01:34+00:00\" \/>\n<meta property=\"article:modified_time\" content=\"2026-09-03T12:02:10+00:00\" \/>\n<meta property=\"og:image\" content=\"https:\/\/kariery.uek.krakow.pl\/wp-content\/uploads\/2026\/09\/women_in_tech-scaled.png\" \/>\n\t<meta property=\"og:image:width\" content=\"2048\" \/>\n\t<meta property=\"og:image:height\" content=\"2560\" \/>\n\t<meta property=\"og:image:type\" content=\"image\/png\" \/>\n<meta name=\"author\" content=\"Patrycja Ha\u0142at\" \/>\n<meta name=\"twitter:card\" content=\"summary_large_image\" \/>\n<meta name=\"twitter:label1\" content=\"Written by\" \/>\n\t<meta name=\"twitter:data1\" content=\"Patrycja Ha\u0142at\" \/>\n\t<meta name=\"twitter:label2\" content=\"Est. reading time\" \/>\n\t<meta name=\"twitter:data2\" content=\"2 minutes\" \/>\n<script type=\"application\/ld+json\" class=\"yoast-schema-graph\">{\"@context\":\"https:\\\/\\\/schema.org\",\"@graph\":[{\"@type\":\"Article\",\"@id\":\"https:\\\/\\\/kariery.uek.krakow.pl\\\/en\\\/zglos-sie-juz-dzis-na-zimowy-women-in-tech-camp-2026%e2%9d%84%ef%b8%8f-i-przezyj-niesamowita-przygode\\\/#article\",\"isPartOf\":{\"@id\":\"https:\\\/\\\/kariery.uek.krakow.pl\\\/en\\\/zglos-sie-juz-dzis-na-zimowy-women-in-tech-camp-2026%e2%9d%84%ef%b8%8f-i-przezyj-niesamowita-przygode\\\/\"},\"author\":{\"name\":\"Patrycja Ha\u0142at\",\"@id\":\"https:\\\/\\\/kariery.uek.krakow.pl\\\/en\\\/#\\\/schema\\\/person\\\/981109d1e3c9ddc62d88fb1930861594\"},\"headline\":\"Zg\u0142o\u015b si\u0119 ju\u017c dzi\u015b na zimowy Women in Tech Camp 2026\u2744\ufe0f i prze\u017cyj niesamowit\u0105 przygod\u0119!\",\"datePublished\":\"2026-09-03T12:01:34+00:00\",\"dateModified\":\"2026-09-03T12:02:10+00:00\",\"mainEntityOfPage\":{\"@id\":\"https:\\\/\\\/kariery.uek.krakow.pl\\\/en\\\/zglos-sie-juz-dzis-na-zimowy-women-in-tech-camp-2026%e2%9d%84%ef%b8%8f-i-przezyj-niesamowita-przygode\\\/\"},\"wordCount\":800,\"publisher\":{\"@id\":\"https:\\\/\\\/kariery.uek.krakow.pl\\\/en\\\/#organization\"},\"image\":{\"@id\":\"https:\\\/\\\/kariery.uek.krakow.pl\\\/en\\\/zglos-sie-juz-dzis-na-zimowy-women-in-tech-camp-2026%e2%9d%84%ef%b8%8f-i-przezyj-niesamowita-przygode\\\/#primaryimage\"},\"thumbnailUrl\":\"https:\\\/\\\/kariery.uek.krakow.pl\\\/wp-content\\\/uploads\\\/2026\\\/09\\\/women_in_tech-scaled.png\",\"articleSection\":[\"Contests\",\"Projects\"],\"inLanguage\":\"en-US\"},{\"@type\":\"WebPage\",\"@id\":\"https:\\\/\\\/kariery.uek.krakow.pl\\\/en\\\/zglos-sie-juz-dzis-na-zimowy-women-in-tech-camp-2026%e2%9d%84%ef%b8%8f-i-przezyj-niesamowita-przygode\\\/\",\"url\":\"https:\\\/\\\/kariery.uek.krakow.pl\\\/en\\\/zglos-sie-juz-dzis-na-zimowy-women-in-tech-camp-2026%e2%9d%84%ef%b8%8f-i-przezyj-niesamowita-przygode\\\/\",\"name\":\"Zg\u0142o\u015b si\u0119 ju\u017c dzi\u015b na zimowy Women in Tech Camp 2026\u2744\ufe0f i prze\u017cyj niesamowit\u0105 przygod\u0119! - Akademickie Centrum Kariery Uniwersytetu Ekonomicznego w Krakowie\",\"isPartOf\":{\"@id\":\"https:\\\/\\\/kariery.uek.krakow.pl\\\/en\\\/#website\"},\"primaryImageOfPage\":{\"@id\":\"https:\\\/\\\/kariery.uek.krakow.pl\\\/en\\\/zglos-sie-juz-dzis-na-zimowy-women-in-tech-camp-2026%e2%9d%84%ef%b8%8f-i-przezyj-niesamowita-przygode\\\/#primaryimage\"},\"image\":{\"@id\":\"https:\\\/\\\/kariery.uek.krakow.pl\\\/en\\\/zglos-sie-juz-dzis-na-zimowy-women-in-tech-camp-2026%e2%9d%84%ef%b8%8f-i-przezyj-niesamowita-przygode\\\/#primaryimage\"},\"thumbnailUrl\":\"https:\\\/\\\/kariery.uek.krakow.pl\\\/wp-content\\\/uploads\\\/2026\\\/09\\\/women_in_tech-scaled.png\",\"datePublished\":\"2026-09-03T12:01:34+00:00\",\"dateModified\":\"2026-09-03T12:02:10+00:00\",\"breadcrumb\":{\"@id\":\"https:\\\/\\\/kariery.uek.krakow.pl\\\/en\\\/zglos-sie-juz-dzis-na-zimowy-women-in-tech-camp-2026%e2%9d%84%ef%b8%8f-i-przezyj-niesamowita-przygode\\\/#breadcrumb\"},\"inLanguage\":\"en-US\",\"potentialAction\":[{\"@type\":\"ReadAction\",\"target\":[\"https:\\\/\\\/kariery.uek.krakow.pl\\\/en\\\/zglos-sie-juz-dzis-na-zimowy-women-in-tech-camp-2026%e2%9d%84%ef%b8%8f-i-przezyj-niesamowita-przygode\\\/\"]}]},{\"@type\":\"ImageObject\",\"inLanguage\":\"en-US\",\"@id\":\"https:\\\/\\\/kariery.uek.krakow.pl\\\/en\\\/zglos-sie-juz-dzis-na-zimowy-women-in-tech-camp-2026%e2%9d%84%ef%b8%8f-i-przezyj-niesamowita-przygode\\\/#primaryimage\",\"url\":\"https:\\\/\\\/kariery.uek.krakow.pl\\\/wp-content\\\/uploads\\\/2026\\\/09\\\/women_in_tech-scaled.png\",\"contentUrl\":\"https:\\\/\\\/kariery.uek.krakow.pl\\\/wp-content\\\/uploads\\\/2026\\\/09\\\/women_in_tech-scaled.png\",\"width\":2048,\"height\":2560},{\"@type\":\"BreadcrumbList\",\"@id\":\"https:\\\/\\\/kariery.uek.krakow.pl\\\/en\\\/zglos-sie-juz-dzis-na-zimowy-women-in-tech-camp-2026%e2%9d%84%ef%b8%8f-i-przezyj-niesamowita-przygode\\\/#breadcrumb\",\"itemListElement\":[{\"@type\":\"ListItem\",\"position\":1,\"name\":\"Strona g\u0142\u00f3wna\",\"item\":\"https:\\\/\\\/kariery.uek.krakow.pl\\\/en\\\/home-page\\\/\"},{\"@type\":\"ListItem\",\"position\":2,\"name\":\"Zg\u0142o\u015b si\u0119 ju\u017c dzi\u015b na zimowy Women in Tech Camp 2026\u2744\ufe0f i prze\u017cyj niesamowit\u0105 przygod\u0119!\"}]},{\"@type\":\"WebSite\",\"@id\":\"https:\\\/\\\/kariery.uek.krakow.pl\\\/en\\\/#website\",\"url\":\"https:\\\/\\\/kariery.uek.krakow.pl\\\/en\\\/\",\"name\":\"Akademickie Centrum Kariery Uniwersytetu Ekonomicznego w Krakowie\",\"description\":\"\u0141\u0105czymy Student\u00f3w z Biznesem\",\"publisher\":{\"@id\":\"https:\\\/\\\/kariery.uek.krakow.pl\\\/en\\\/#organization\"},\"alternateName\":\"ACK UEK\",\"potentialAction\":[{\"@type\":\"SearchAction\",\"target\":{\"@type\":\"EntryPoint\",\"urlTemplate\":\"https:\\\/\\\/kariery.uek.krakow.pl\\\/en\\\/?s={search_term_string}\"},\"query-input\":{\"@type\":\"PropertyValueSpecification\",\"valueRequired\":true,\"valueName\":\"search_term_string\"}}],\"inLanguage\":\"en-US\"},{\"@type\":\"Organization\",\"@id\":\"https:\\\/\\\/kariery.uek.krakow.pl\\\/en\\\/#organization\",\"name\":\"Akacemickie Centrum Kariery UEK\",\"alternateName\":\"ACK UEK\",\"url\":\"https:\\\/\\\/kariery.uek.krakow.pl\\\/en\\\/\",\"logo\":{\"@type\":\"ImageObject\",\"inLanguage\":\"en-US\",\"@id\":\"https:\\\/\\\/kariery.uek.krakow.pl\\\/en\\\/#\\\/schema\\\/logo\\\/image\\\/\",\"url\":\"https:\\\/\\\/kariery.uek.krakow.pl\\\/wp-content\\\/uploads\\\/2023\\\/03\\\/4-zaslpeka.jpg\",\"contentUrl\":\"https:\\\/\\\/kariery.uek.krakow.pl\\\/wp-content\\\/uploads\\\/2023\\\/03\\\/4-zaslpeka.jpg\",\"width\":800,\"height\":534,\"caption\":\"Akacemickie Centrum Kariery UEK\"},\"image\":{\"@id\":\"https:\\\/\\\/kariery.uek.krakow.pl\\\/en\\\/#\\\/schema\\\/logo\\\/image\\\/\"},\"sameAs\":[\"https:\\\/\\\/www.facebook.com\\\/AkademickieCentrumKariery\",\"https:\\\/\\\/www.instagram.com\\\/ack_uek\\\/\",\"https:\\\/\\\/www.linkedin.com\\\/company\\\/akademickie-centrum-kariery-uek\\\/\"]},{\"@type\":\"Person\",\"@id\":\"https:\\\/\\\/kariery.uek.krakow.pl\\\/en\\\/#\\\/schema\\\/person\\\/981109d1e3c9ddc62d88fb1930861594\",\"name\":\"Patrycja Ha\u0142at\"}]}<\/script>\n<!-- \/ Yoast SEO plugin. -->","yoast_head_json":{"title":"Zg\u0142o\u015b si\u0119 ju\u017c dzi\u015b na zimowy Women in Tech Camp 2026\u2744\ufe0f i prze\u017cyj niesamowit\u0105 przygod\u0119! - Akademickie Centrum Kariery Uniwersytetu Ekonomicznego w Krakowie","robots":{"index":"index","follow":"follow","max-snippet":"max-snippet:-1","max-image-preview":"max-image-preview:large","max-video-preview":"max-video-preview:-1"},"canonical":"https:\/\/kariery.uek.krakow.pl\/en\/zglos-sie-juz-dzis-na-zimowy-women-in-tech-camp-2026%e2%9d%84%ef%b8%8f-i-przezyj-niesamowita-przygode\/","og_locale":"en_US","og_type":"article","og_title":"Zg\u0142o\u015b si\u0119 ju\u017c dzi\u015b na zimowy Women in Tech Camp 2026\u2744\ufe0f i prze\u017cyj niesamowit\u0105 przygod\u0119! - Akademickie Centrum Kariery Uniwersytetu Ekonomicznego w Krakowie","og_description":"Women in Tech Camp to wyj\u0105tkowe wydarzenie skierowane do najzdolniejszych studentek kierunk\u00f3w informatycznych, technicznych i STEM z polskich uczelni. W 2026 roku odb\u0119dzie si\u0119 ju\u017c 10. edycja Campu \u2013 wydarzenia, kt\u00f3re od lat tworzy przestrze\u0144 do rozwoju kompetencji, zdobywania wiedzy, networkingu oraz planowania kariery w bran\u017cy technologicznej.","og_url":"https:\/\/kariery.uek.krakow.pl\/en\/zglos-sie-juz-dzis-na-zimowy-women-in-tech-camp-2026%e2%9d%84%ef%b8%8f-i-przezyj-niesamowita-przygode\/","og_site_name":"Akademickie Centrum Kariery Uniwersytetu Ekonomicznego w Krakowie","article_publisher":"https:\/\/www.facebook.com\/AkademickieCentrumKariery","article_published_time":"2026-09-03T12:01:34+00:00","article_modified_time":"2026-09-03T12:02:10+00:00","og_image":[{"width":2048,"height":2560,"url":"https:\/\/kariery.uek.krakow.pl\/wp-content\/uploads\/2026\/09\/women_in_tech-scaled.png","type":"image\/png"}],"author":"Patrycja Ha\u0142at","twitter_card":"summary_large_image","twitter_misc":{"Written by":"Patrycja Ha\u0142at","Est. reading time":"2 minutes"},"schema":{"@context":"https:\/\/schema.org","@graph":[{"@type":"Article","@id":"https:\/\/kariery.uek.krakow.pl\/en\/zglos-sie-juz-dzis-na-zimowy-women-in-tech-camp-2026%e2%9d%84%ef%b8%8f-i-przezyj-niesamowita-przygode\/#article","isPartOf":{"@id":"https:\/\/kariery.uek.krakow.pl\/en\/zglos-sie-juz-dzis-na-zimowy-women-in-tech-camp-2026%e2%9d%84%ef%b8%8f-i-przezyj-niesamowita-przygode\/"},"author":{"name":"Patrycja Ha\u0142at","@id":"https:\/\/kariery.uek.krakow.pl\/en\/#\/schema\/person\/981109d1e3c9ddc62d88fb1930861594"},"headline":"Zg\u0142o\u015b si\u0119 ju\u017c dzi\u015b na zimowy Women in Tech Camp 2026\u2744\ufe0f i prze\u017cyj niesamowit\u0105 przygod\u0119!","datePublished":"2026-09-03T12:01:34+00:00","dateModified":"2026-09-03T12:02:10+00:00","mainEntityOfPage":{"@id":"https:\/\/kariery.uek.krakow.pl\/en\/zglos-sie-juz-dzis-na-zimowy-women-in-tech-camp-2026%e2%9d%84%ef%b8%8f-i-przezyj-niesamowita-przygode\/"},"wordCount":800,"publisher":{"@id":"https:\/\/kariery.uek.krakow.pl\/en\/#organization"},"image":{"@id":"https:\/\/kariery.uek.krakow.pl\/en\/zglos-sie-juz-dzis-na-zimowy-women-in-tech-camp-2026%e2%9d%84%ef%b8%8f-i-przezyj-niesamowita-przygode\/#primaryimage"},"thumbnailUrl":"https:\/\/kariery.uek.krakow.pl\/wp-content\/uploads\/2026\/09\/women_in_tech-scaled.png","articleSection":["Contests","Projects"],"inLanguage":"en-US"},{"@type":"WebPage","@id":"https:\/\/kariery.uek.krakow.pl\/en\/zglos-sie-juz-dzis-na-zimowy-women-in-tech-camp-2026%e2%9d%84%ef%b8%8f-i-przezyj-niesamowita-przygode\/","url":"https:\/\/kariery.uek.krakow.pl\/en\/zglos-sie-juz-dzis-na-zimowy-women-in-tech-camp-2026%e2%9d%84%ef%b8%8f-i-przezyj-niesamowita-przygode\/","name":"Zg\u0142o\u015b si\u0119 ju\u017c dzi\u015b na zimowy Women in Tech Camp 2026\u2744\ufe0f i prze\u017cyj niesamowit\u0105 przygod\u0119! - Akademickie Centrum Kariery Uniwersytetu Ekonomicznego w Krakowie","isPartOf":{"@id":"https:\/\/kariery.uek.krakow.pl\/en\/#website"},"primaryImageOfPage":{"@id":"https:\/\/kariery.uek.krakow.pl\/en\/zglos-sie-juz-dzis-na-zimowy-women-in-tech-camp-2026%e2%9d%84%ef%b8%8f-i-przezyj-niesamowita-przygode\/#primaryimage"},"image":{"@id":"https:\/\/kariery.uek.krakow.pl\/en\/zglos-sie-juz-dzis-na-zimowy-women-in-tech-camp-2026%e2%9d%84%ef%b8%8f-i-przezyj-niesamowita-przygode\/#primaryimage"},"thumbnailUrl":"https:\/\/kariery.uek.krakow.pl\/wp-content\/uploads\/2026\/09\/women_in_tech-scaled.png","datePublished":"2026-09-03T12:01:34+00:00","dateModified":"2026-09-03T12:02:10+00:00","breadcrumb":{"@id":"https:\/\/kariery.uek.krakow.pl\/en\/zglos-sie-juz-dzis-na-zimowy-women-in-tech-camp-2026%e2%9d%84%ef%b8%8f-i-przezyj-niesamowita-przygode\/#breadcrumb"},"inLanguage":"en-US","potentialAction":[{"@type":"ReadAction","target":["https:\/\/kariery.uek.krakow.pl\/en\/zglos-sie-juz-dzis-na-zimowy-women-in-tech-camp-2026%e2%9d%84%ef%b8%8f-i-przezyj-niesamowita-przygode\/"]}]},{"@type":"ImageObject","inLanguage":"en-US","@id":"https:\/\/kariery.uek.krakow.pl\/en\/zglos-sie-juz-dzis-na-zimowy-women-in-tech-camp-2026%e2%9d%84%ef%b8%8f-i-przezyj-niesamowita-przygode\/#primaryimage","url":"https:\/\/kariery.uek.krakow.pl\/wp-content\/uploads\/2026\/09\/women_in_tech-scaled.png","contentUrl":"https:\/\/kariery.uek.krakow.pl\/wp-content\/uploads\/2026\/09\/women_in_tech-scaled.png","width":2048,"height":2560},{"@type":"BreadcrumbList","@id":"https:\/\/kariery.uek.krakow.pl\/en\/zglos-sie-juz-dzis-na-zimowy-women-in-tech-camp-2026%e2%9d%84%ef%b8%8f-i-przezyj-niesamowita-przygode\/#breadcrumb","itemListElement":[{"@type":"ListItem","position":1,"name":"Strona g\u0142\u00f3wna","item":"https:\/\/kariery.uek.krakow.pl\/en\/home-page\/"},{"@type":"ListItem","position":2,"name":"Zg\u0142o\u015b si\u0119 ju\u017c dzi\u015b na zimowy Women in Tech Camp 2026\u2744\ufe0f i prze\u017cyj niesamowit\u0105 przygod\u0119!"}]},{"@type":"WebSite","@id":"https:\/\/kariery.uek.krakow.pl\/en\/#website","url":"https:\/\/kariery.uek.krakow.pl\/en\/","name":"Akademickie Centrum Kariery Uniwersytetu Ekonomicznego w Krakowie","description":"\u0141\u0105czymy Student\u00f3w z Biznesem","publisher":{"@id":"https:\/\/kariery.uek.krakow.pl\/en\/#organization"},"alternateName":"ACK UEK","potentialAction":[{"@type":"SearchAction","target":{"@type":"EntryPoint","urlTemplate":"https:\/\/kariery.uek.krakow.pl\/en\/?s={search_term_string}"},"query-input":{"@type":"PropertyValueSpecification","valueRequired":true,"valueName":"search_term_string"}}],"inLanguage":"en-US"},{"@type":"Organization","@id":"https:\/\/kariery.uek.krakow.pl\/en\/#organization","name":"Akacemickie Centrum Kariery UEK","alternateName":"ACK UEK","url":"https:\/\/kariery.uek.krakow.pl\/en\/","logo":{"@type":"ImageObject","inLanguage":"en-US","@id":"https:\/\/kariery.uek.krakow.pl\/en\/#\/schema\/logo\/image\/","url":"https:\/\/kariery.uek.krakow.pl\/wp-content\/uploads\/2023\/03\/4-zaslpeka.jpg","contentUrl":"https:\/\/kariery.uek.krakow.pl\/wp-content\/uploads\/2023\/03\/4-zaslpeka.jpg","width":800,"height":534,"caption":"Akacemickie Centrum Kariery UEK"},"image":{"@id":"https:\/\/kariery.uek.krakow.pl\/en\/#\/schema\/logo\/image\/"},"sameAs":["https:\/\/www.facebook.com\/AkademickieCentrumKariery","https:\/\/www.instagram.com\/ack_uek\/","https:\/\/www.linkedin.com\/company\/akademickie-centrum-kariery-uek\/"]},{"@type":"Person","@id":"https:\/\/kariery.uek.krakow.pl\/en\/#\/schema\/person\/981109d1e3c9ddc62d88fb1930861594","name":"Patrycja Ha\u0142at"}]}},"_links":{"self":[{"href":"https:\/\/kariery.uek.krakow.pl\/en\/wp-json\/wp\/v2\/posts\/25344","targetHints":{"allow":["GET"]}}],"collection":[{"href":"https:\/\/kariery.uek.krakow.pl\/en\/wp-json\/wp\/v2\/posts"}],"about":[{"href":"https:\/\/kariery.uek.krakow.pl\/en\/wp-json\/wp\/v2\/types\/post"}],"author":[{"embeddable":true,"href":"https:\/\/kariery.uek.krakow.pl\/en\/wp-json\/wp\/v2\/users\/4"}],"replies":[{"embeddable":true,"href":"https:\/\/kariery.uek.krakow.pl\/en\/wp-json\/wp\/v2\/comments?post=25344"}],"version-history":[{"count":3,"href":"https:\/\/kariery.uek.krakow.pl\/en\/wp-json\/wp\/v2\/posts\/25344\/revisions"}],"predecessor-version":[{"id":25347,"href":"https:\/\/kariery.uek.krakow.pl\/en\/wp-json\/wp\/v2\/posts\/25344\/revisions\/25347"}],"wp:featuredmedia":[{"embeddable":true,"href":"https:\/\/kariery.uek.krakow.pl\/en\/wp-json\/wp\/v2\/media\/25340"}],"wp:attachment":[{"href":"https:\/\/kariery.uek.krakow.pl\/en\/wp-json\/wp\/v2\/media?parent=25344"}],"wp:term":[{"taxonomy":"category","embeddable":true,"href":"https:\/\/kariery.uek.krakow.pl\/en\/wp-json\/wp\/v2\/categories?post=25344"},{"taxonomy":"post_tag","embeddable":true,"href":"https:\/\/kariery.uek.krakow.pl\/en\/wp-json\/wp\/v2\/tags?post=25344"}],"curies":[{"name":"wp","href":"https:\/\/api.w.org\/{rel}","templated":true}]}}